{"id":92,"date":"2022-04-18T13:05:27","date_gmt":"2022-04-18T13:05:27","guid":{"rendered":"https:\/\/www.agillat.com\/?p=92"},"modified":"2022-04-20T11:37:00","modified_gmt":"2022-04-20T11:37:00","slug":"a-pacsuli-nem-budos-szegenynek-rossz-a-marketingje","status":"publish","type":"post","link":"https:\/\/www.agillat.com\/?p=92","title":{"rendered":"A pacsuli nem b\u00fcd\u00f6s. Szeg\u00e9nynek rossz a marketingje"},"content":{"rendered":"\n<div class=\"wp-block-image\"><figure class=\"aligncenter size-full is-resized\"><img loading=\"lazy\" decoding=\"async\" src=\"https:\/\/www.agillat.com\/wp-content\/uploads\/2022\/04\/800px-Pogostemon_cablin_001.jpg\" alt=\"\" class=\"wp-image-75\" width=\"596\" height=\"447\" srcset=\"https:\/\/www.agillat.com\/wp-content\/uploads\/2022\/04\/800px-Pogostemon_cablin_001.jpg 800w, https:\/\/www.agillat.com\/wp-content\/uploads\/2022\/04\/800px-Pogostemon_cablin_001-300x225.jpg 300w, https:\/\/www.agillat.com\/wp-content\/uploads\/2022\/04\/800px-Pogostemon_cablin_001-768x576.jpg 768w, https:\/\/www.agillat.com\/wp-content\/uploads\/2022\/04\/800px-Pogostemon_cablin_001-80x60.jpg 80w\" sizes=\"auto, (max-width: 596px) 100vw, 596px\" \/><\/figure><\/div>\n\n\n\n<p class=\"has-text-align-center\"><a href=\"https:\/\/hu.wikipedia.org\/wiki\/Pacsuli\" data-type=\"URL\" data-id=\"https:\/\/hu.wikipedia.org\/wiki\/Pacsuli\" target=\"_blank\" rel=\"noreferrer noopener\">pacsuli<\/a><\/p>\n\n\n\n<p class=\"has-text-align-left\">A mond\u00e1ssal ellent\u00e9tben (mi ez a b\u00fcd\u00f6s pacsuliszag?!) val\u00f3j\u00e1ban a pacsuli nem is b\u00fcd\u00f6s. Egy cserje, ami sz\u00e1r\u00edtva molyirt\u00f3k\u00e9nt is haszn\u00e1lhat\u00f3, a n\u00f6v\u00e9ny a reum\u00e1s f\u00e1jdalmakat j\u00f3l csillap\u00edtja, gyullad\u00e1scs\u00f6kkent\u0151 hat\u00e1s\u00fa. <\/p>\n\n\n\n<p class=\"has-text-align-left\">A gy\u00f6k\u00e9r csakr\u00e1hoz kapcsolhat\u00f3 ill\u00f3olaj, seg\u00edt \u00f6sszhangba ker\u00fcln\u00f6d olyan helyzetekben, amikor \u00fagy \u00e9rzed, annyi a teend\u0151d, hogy alig gy\u0151z\u00f6d. Bels\u0151 b\u00e9k\u00e9t teremt benned, energi\u00e1t ad. <\/p>\n\n\n\n<div class=\"wp-block-image\"><figure class=\"aligncenter size-large is-resized\"><img loading=\"lazy\" decoding=\"async\" src=\"https:\/\/www.agillat.com\/wp-content\/uploads\/2022\/04\/pacsuli-kartya-498x1024.jpg\" alt=\"\" class=\"wp-image-98\" width=\"331\" height=\"680\" srcset=\"https:\/\/www.agillat.com\/wp-content\/uploads\/2022\/04\/pacsuli-kartya-498x1024.jpg 498w, https:\/\/www.agillat.com\/wp-content\/uploads\/2022\/04\/pacsuli-kartya-146x300.jpg 146w, https:\/\/www.agillat.com\/wp-content\/uploads\/2022\/04\/pacsuli-kartya-768x1580.jpg 768w, https:\/\/www.agillat.com\/wp-content\/uploads\/2022\/04\/pacsuli-kartya-747x1536.jpg 747w, https:\/\/www.agillat.com\/wp-content\/uploads\/2022\/04\/pacsuli-kartya-996x2048.jpg 996w, https:\/\/www.agillat.com\/wp-content\/uploads\/2022\/04\/pacsuli-kartya-29x60.jpg 29w, https:\/\/www.agillat.com\/wp-content\/uploads\/2022\/04\/pacsuli-kartya-scaled.jpg 1244w\" sizes=\"auto, (max-width: 331px) 100vw, 331px\" \/><\/figure><\/div>\n\n\n\n<p class=\"has-text-align-center\"><a href=\"https:\/\/www.aroma-botanica.hu\/product-page\/testreszabott-illatok-aromater%C3%A1pi%C3%A1s-vet%C5%91k%C3%A1rtya\" data-type=\"URL\" data-id=\"https:\/\/www.aroma-botanica.hu\/product-page\/testreszabott-illatok-aromater%C3%A1pi%C3%A1s-vet%C5%91k%C3%A1rtya\" target=\"_blank\" rel=\"noreferrer noopener\">aromater\u00e1pi\u00e1s vet\u0151k\u00e1rtya<\/a><\/p>\n\n\n\n<p class=\"has-text-align-left\">Nagyon gyakori parf\u00fcm alapanyag, \u00e1ltal\u00e1ban az illatok stabil b\u00e1zisak\u00e9nt szolg\u00e1l. F\u0151leg az orient\u00e1lis (pl. Dolce&amp;Gabbana Anthology La Temperance14), ciprusos (Casamorati 1888) illatok egyik alap \u00f6sszetev\u0151je. \u00c9rdekes t\u00e9ny, hogy nincs pacsuli-hangs\u00falyos parf\u00fcm\u00f6m, illatom. Kor\u00e1bban hadil\u00e1bon \u00e1lltam vele, a b\u0151r\u00f6mre f\u00fajva nem b\u00edrtam elviselni magamon a f\u00f6ldes, f\u00e1s, moh\u00e1s jellege miatt. Gy\u00fcm\u00f6lcs vagy vir\u00e1gillattal kombin\u00e1lva m\u00e1r j\u00f3l toler\u00e1lja a b\u0151r\u00f6m, ideje lenne beszerezni egyet.<\/p>\n\n\n\n<p class=\"has-text-align-left\">Amit \u00e9rdemes kipr\u00f3b\u00e1lnod: <\/p>\n\n\n\n<div class=\"wp-block-image\"><figure class=\"aligncenter size-large is-resized\"><img loading=\"lazy\" decoding=\"async\" src=\"https:\/\/www.agillat.com\/wp-content\/uploads\/2022\/04\/Pacsuli-1024x819.jpg\" alt=\"\" class=\"wp-image-175\" width=\"721\" height=\"576\" srcset=\"https:\/\/www.agillat.com\/wp-content\/uploads\/2022\/04\/Pacsuli-1024x819.jpg 1024w, https:\/\/www.agillat.com\/wp-content\/uploads\/2022\/04\/Pacsuli-300x240.jpg 300w, https:\/\/www.agillat.com\/wp-content\/uploads\/2022\/04\/Pacsuli-768x614.jpg 768w, https:\/\/www.agillat.com\/wp-content\/uploads\/2022\/04\/Pacsuli-1536x1229.jpg 1536w, https:\/\/www.agillat.com\/wp-content\/uploads\/2022\/04\/Pacsuli-75x60.jpg 75w, https:\/\/www.agillat.com\/wp-content\/uploads\/2022\/04\/Pacsuli.jpg 2000w\" sizes=\"auto, (max-width: 721px) 100vw, 721px\" \/><\/figure><\/div>\n\n\n\n<p class=\"has-text-align-left\">Lak\u00e1sillatos\u00edt\u00f3k: Maison Berger Bouquet Wilderness, Esteban Teck&amp;Tonka. Ha f\u00fcst\u00f6l\u0151ben szeretn\u00e9d kipr\u00f3b\u00e1lni, akkor a <a rel=\"noreferrer noopener\" href=\"https:\/\/florasense.hu\/kereses?search=pacsuli\" data-type=\"URL\" data-id=\"https:\/\/florasense.hu\/kereses?search=pacsuli\" target=\"_blank\">FloraSense<\/a> \u00fczlet\u00e9t aj\u00e1nlom.<\/p>\n\n\n\n<p class=\"has-text-align-left\">Kellemes h\u00fasv\u00e9ti \u00fcnnepeket k\u00edv\u00e1nok!<\/p>\n","protected":false},"excerpt":{"rendered":"<p>pacsuli A mond\u00e1ssal ellent\u00e9tben (mi ez a b\u00fcd\u00f6s pacsuliszag?!) val\u00f3j\u00e1ban a pacsuli nem is b\u00fcd\u00f6s. Egy cserje, ami sz\u00e1r\u00edtva molyirt\u00f3k\u00e9nt is haszn\u00e1lhat\u00f3, a n\u00f6v\u00e9ny a reum\u00e1s f\u00e1jdalmakat j\u00f3l csillap\u00edtja, gyullad\u00e1scs\u00f6kkent\u0151 hat\u00e1s\u00fa. A gy\u00f6k\u00e9r csakr\u00e1hoz kapcsolhat\u00f3 ill\u00f3olaj, seg\u00edt \u00f6sszhangba ker\u00fcln\u00f6d olyan helyzetekben, amikor \u00fagy \u00e9rzed, annyi a teend\u0151d, hogy alig gy\u0151z\u00f6d. Bels\u0151 b\u00e9k\u00e9t teremt benned, energi\u00e1t &hellip; <\/p>\n","protected":false},"author":1,"featured_media":75,"comment_status":"open","ping_status":"open","sticky":false,"template":"","format":"standard","meta":{"footnotes":""},"categories":[8],"tags":[],"class_list":["post-92","post","type-post","status-publish","format-standard","has-post-thumbnail","hentry","category-blog"],"_links":{"self":[{"href":"https:\/\/www.agillat.com\/index.php?rest_route=\/wp\/v2\/posts\/92","targetHints":{"allow":["GET"]}}],"collection":[{"href":"https:\/\/www.agillat.com\/index.php?rest_route=\/wp\/v2\/posts"}],"about":[{"href":"https:\/\/www.agillat.com\/index.php?rest_route=\/wp\/v2\/types\/post"}],"author":[{"embeddable":true,"href":"https:\/\/www.agillat.com\/index.php?rest_route=\/wp\/v2\/users\/1"}],"replies":[{"embeddable":true,"href":"https:\/\/www.agillat.com\/index.php?rest_route=%2Fwp%2Fv2%2Fcomments&post=92"}],"version-history":[{"count":28,"href":"https:\/\/www.agillat.com\/index.php?rest_route=\/wp\/v2\/posts\/92\/revisions"}],"predecessor-version":[{"id":220,"href":"https:\/\/www.agillat.com\/index.php?rest_route=\/wp\/v2\/posts\/92\/revisions\/220"}],"wp:featuredmedia":[{"embeddable":true,"href":"https:\/\/www.agillat.com\/index.php?rest_route=\/wp\/v2\/media\/75"}],"wp:attachment":[{"href":"https:\/\/www.agillat.com\/index.php?rest_route=%2Fwp%2Fv2%2Fmedia&parent=92"}],"wp:term":[{"taxonomy":"category","embeddable":true,"href":"https:\/\/www.agillat.com\/index.php?rest_route=%2Fwp%2Fv2%2Fcategories&post=92"},{"taxonomy":"post_tag","embeddable":true,"href":"https:\/\/www.agillat.com\/index.php?rest_route=%2Fwp%2Fv2%2Ftags&post=92"}],"curies":[{"name":"wp","href":"https:\/\/api.w.org\/{rel}","templated":true}]}}