{"id":774,"date":"2022-08-01T19:59:25","date_gmt":"2022-08-01T19:59:25","guid":{"rendered":"https:\/\/www.agillat.com\/?p=774"},"modified":"2022-08-01T20:06:07","modified_gmt":"2022-08-01T20:06:07","slug":"illatmintak-1-art-of-scent-bergduft-n2","status":"publish","type":"post","link":"https:\/\/www.agillat.com\/?p=774","title":{"rendered":"Illatmint\u00e1k 1.: Art of scent Bergduft N\u00b02"},"content":{"rendered":"\n<p>A minap \u00fagy d\u00f6nt\u00f6ttem, \u00e1tn\u00e9zem az illatokat a szekr\u00e9nyemben. Vettem egy nagy leveg\u0151t, sejtettem, hogy mint\u00e1imat komolyan szort\u00edroznom kell majd. Nem t\u00e9vedtem, kiss\u00e9 k\u00e1osz uralkodik k\u00f6z\u00f6tt\u00fck. \u00dagy d\u00f6nt\u00f6ttem, r\u00e1sz\u00e1nom az augusztust, \u00e9s minden nap kipr\u00f3b\u00e1lok egyet, majd eld\u00f6nt\u00f6m, megvenn\u00e9m-e a gy\u0171jtem\u00e9nyembe vagy sem. Naivan azt gondoltam, egy h\u00f3nap el\u00e9g lesz. H\u00e1t, enn\u00e9l az\u00e9rt t\u00f6bb minta v\u00e1rakozik arra, hogy pr\u00f3b\u00e1ra tegyem. Nem baj, egyszer mindegyik sorra ker\u00fcl. \ud83d\ude42<\/p>\n\n\n\n<p>Az els\u0151 v\u00e1lasztottam egy sv\u00e1jci illat, m\u00e9gpedig az\u00e9rt, mert ma, augusztus 1-j\u00e9n van Sv\u00e1jc sz\u00fclet\u00e9snapja, az \u00d3sv\u00e1jci Konf\u00f6der\u00e1ci\u00f3 l\u00e9trehoz\u00e1s\u00e1nak \u00fcnnepe. <\/p>\n\n\n<div class=\"wp-block-image\">\n<figure class=\"aligncenter size-large is-resized\"><img loading=\"lazy\" decoding=\"async\" src=\"https:\/\/www.agillat.com\/wp-content\/uploads\/2022\/08\/switzerland-gd496a93e6_1280-1024x658.png\" alt=\"\" class=\"wp-image-779\" width=\"465\" height=\"298\" srcset=\"https:\/\/www.agillat.com\/wp-content\/uploads\/2022\/08\/switzerland-gd496a93e6_1280-1024x658.png 1024w, https:\/\/www.agillat.com\/wp-content\/uploads\/2022\/08\/switzerland-gd496a93e6_1280-300x193.png 300w, https:\/\/www.agillat.com\/wp-content\/uploads\/2022\/08\/switzerland-gd496a93e6_1280-768x494.png 768w, https:\/\/www.agillat.com\/wp-content\/uploads\/2022\/08\/switzerland-gd496a93e6_1280-93x60.png 93w, https:\/\/www.agillat.com\/wp-content\/uploads\/2022\/08\/switzerland-gd496a93e6_1280.png 1280w\" sizes=\"auto, (max-width: 465px) 100vw, 465px\" \/><figcaption><a href=\"http:\/\/www.pixabay.com\" data-type=\"URL\" data-id=\"www.pixabay.com\" target=\"_blank\" rel=\"noreferrer noopener\">www.pixabay.com<\/a><\/figcaption><\/figure>\n<\/div>\n\n\n<p>Ha azt mondom: Sv\u00e1jc, mi jut eszedbe? Nekem a rend, tisztas\u00e1g, \u00e1tl\u00e1that\u00f3s\u00e1g, nyugalom, pontoss\u00e1g, szab\u00e1lyok. Hegyek, z\u00f6ld f\u0171. Az Art of scent egy sv\u00e1jci parf\u00fcm\u0151r h\u00f6lgy, Brigitte Witschi m\u00e1rk\u00e1ja. Az \u00e1ltalam v\u00e1lasztott illata, a Bergduft N\u00b02 (blauer Enzian) pont ezeket a tulajdons\u00e1gokat hordozza. Letisztult, egyszer\u0171, de sz\u00e9pen megkompon\u00e1lt parf\u00fcm. Az illat a nev\u00e9t, a &#8222;k\u00e9k enci\u00e1nt&#8221; a t\u00e1rnics nev\u0171 vir\u00e1gr\u00f3l kapta.  A parf\u00fcm az \u00e9g k\u00e9kj\u00e9t, a hegyi leveg\u0151 frissess\u00e9g\u00e9t t\u00fckr\u00f6zi. K\u00f6nnyed, l\u00e9gies, a fejillat vizes \u00e9s gy\u00fcm\u00f6lcs\u00f6s (citrom, grapefruit, s\u00e1rgadinnye), a sz\u00edvillat enyh\u00e9n vir\u00e1gos (osmanthus, liliom) de z\u00f6ldes jegyeket is tartalmaz. Tavasszal viseln\u00e9m legink\u00e1bb. Finoman b\u0151rbe simul\u00f3, kellemes viselet. Sajnos rajtam nem tart\u00f3s, p\u00e1r \u00f3ra m\u00falva m\u00e1r nem is \u00e9rezhet\u0151.<\/p>\n\n\n<div class=\"wp-block-image\">\n<figure class=\"aligncenter size-large is-resized\"><img loading=\"lazy\" decoding=\"async\" src=\"https:\/\/www.agillat.com\/wp-content\/uploads\/2022\/08\/20220801_194530-1024x758.jpg\" alt=\"\" class=\"wp-image-780\" width=\"508\" height=\"375\" srcset=\"https:\/\/www.agillat.com\/wp-content\/uploads\/2022\/08\/20220801_194530-1024x758.jpg 1024w, https:\/\/www.agillat.com\/wp-content\/uploads\/2022\/08\/20220801_194530-300x222.jpg 300w, https:\/\/www.agillat.com\/wp-content\/uploads\/2022\/08\/20220801_194530-768x568.jpg 768w, https:\/\/www.agillat.com\/wp-content\/uploads\/2022\/08\/20220801_194530-1536x1136.jpg 1536w, https:\/\/www.agillat.com\/wp-content\/uploads\/2022\/08\/20220801_194530-2048x1515.jpg 2048w, https:\/\/www.agillat.com\/wp-content\/uploads\/2022\/08\/20220801_194530-81x60.jpg 81w\" sizes=\"auto, (max-width: 508px) 100vw, 508px\" \/><\/figure>\n<\/div>\n\n\n<p><strong>\u00c9rt\u00e9kel\u00e9s<\/strong>: Illatkompoz\u00edci\u00f3: 4<\/p>\n\n\n\n<p>                Hat\u00f3t\u00e1vols\u00e1g: 2<\/p>\n\n\n\n<p>                Tart\u00f3ss\u00e1g: 2<\/p>\n\n\n\n<p><\/p>\n","protected":false},"excerpt":{"rendered":"<p>A minap \u00fagy d\u00f6nt\u00f6ttem, \u00e1tn\u00e9zem az illatokat a szekr\u00e9nyemben. Vettem egy nagy leveg\u0151t, sejtettem, hogy mint\u00e1imat komolyan szort\u00edroznom kell majd. Nem t\u00e9vedtem, kiss\u00e9 k\u00e1osz uralkodik k\u00f6z\u00f6tt\u00fck. \u00dagy d\u00f6nt\u00f6ttem, r\u00e1sz\u00e1nom az augusztust, \u00e9s minden nap kipr\u00f3b\u00e1lok egyet, majd eld\u00f6nt\u00f6m, megvenn\u00e9m-e a gy\u0171jtem\u00e9nyembe vagy sem. Naivan azt gondoltam, egy h\u00f3nap el\u00e9g lesz. H\u00e1t, enn\u00e9l az\u00e9rt t\u00f6bb minta &hellip; <\/p>\n","protected":false},"author":1,"featured_media":780,"comment_status":"open","ping_status":"open","sticky":false,"template":"","format":"standard","meta":{"footnotes":""},"categories":[8],"tags":[],"class_list":["post-774","post","type-post","status-publish","format-standard","has-post-thumbnail","hentry","category-blog"],"_links":{"self":[{"href":"https:\/\/www.agillat.com\/index.php?rest_route=\/wp\/v2\/posts\/774","targetHints":{"allow":["GET"]}}],"collection":[{"href":"https:\/\/www.agillat.com\/index.php?rest_route=\/wp\/v2\/posts"}],"about":[{"href":"https:\/\/www.agillat.com\/index.php?rest_route=\/wp\/v2\/types\/post"}],"author":[{"embeddable":true,"href":"https:\/\/www.agillat.com\/index.php?rest_route=\/wp\/v2\/users\/1"}],"replies":[{"embeddable":true,"href":"https:\/\/www.agillat.com\/index.php?rest_route=%2Fwp%2Fv2%2Fcomments&post=774"}],"version-history":[{"count":10,"href":"https:\/\/www.agillat.com\/index.php?rest_route=\/wp\/v2\/posts\/774\/revisions"}],"predecessor-version":[{"id":786,"href":"https:\/\/www.agillat.com\/index.php?rest_route=\/wp\/v2\/posts\/774\/revisions\/786"}],"wp:featuredmedia":[{"embeddable":true,"href":"https:\/\/www.agillat.com\/index.php?rest_route=\/wp\/v2\/media\/780"}],"wp:attachment":[{"href":"https:\/\/www.agillat.com\/index.php?rest_route=%2Fwp%2Fv2%2Fmedia&parent=774"}],"wp:term":[{"taxonomy":"category","embeddable":true,"href":"https:\/\/www.agillat.com\/index.php?rest_route=%2Fwp%2Fv2%2Fcategories&post=774"},{"taxonomy":"post_tag","embeddable":true,"href":"https:\/\/www.agillat.com\/index.php?rest_route=%2Fwp%2Fv2%2Ftags&post=774"}],"curies":[{"name":"wp","href":"https:\/\/api.w.org\/{rel}","templated":true}]}}