{"id":608,"date":"2022-06-05T20:58:16","date_gmt":"2022-06-05T20:58:16","guid":{"rendered":"https:\/\/www.agillat.com\/?p=608"},"modified":"2022-06-06T12:37:53","modified_gmt":"2022-06-06T12:37:53","slug":"illatelmeny-a-muzeumban-schloss-wildegg","status":"publish","type":"post","link":"https:\/\/www.agillat.com\/?p=608","title":{"rendered":"Illat\u00e9lm\u00e9ny a m\u00fazeumban: Schloss Wildegg"},"content":{"rendered":"<div class=\"wp-block-image\">\n<figure class=\"aligncenter size-large is-resized\"><img loading=\"lazy\" decoding=\"async\" src=\"https:\/\/www.agillat.com\/wp-content\/uploads\/2022\/06\/20220605_102420-1-498x1024.jpg\" alt=\"\" class=\"wp-image-670\" width=\"374\" height=\"769\" srcset=\"https:\/\/www.agillat.com\/wp-content\/uploads\/2022\/06\/20220605_102420-1-498x1024.jpg 498w, https:\/\/www.agillat.com\/wp-content\/uploads\/2022\/06\/20220605_102420-1-146x300.jpg 146w, https:\/\/www.agillat.com\/wp-content\/uploads\/2022\/06\/20220605_102420-1-768x1580.jpg 768w, https:\/\/www.agillat.com\/wp-content\/uploads\/2022\/06\/20220605_102420-1-747x1536.jpg 747w, https:\/\/www.agillat.com\/wp-content\/uploads\/2022\/06\/20220605_102420-1-996x2048.jpg 996w, https:\/\/www.agillat.com\/wp-content\/uploads\/2022\/06\/20220605_102420-1-29x60.jpg 29w, https:\/\/www.agillat.com\/wp-content\/uploads\/2022\/06\/20220605_102420-1-scaled.jpg 1244w\" sizes=\"auto, (max-width: 374px) 100vw, 374px\" \/><\/figure>\n<\/div>\n\n<div class=\"wp-block-image\">\n<figure class=\"aligncenter size-large is-resized\"><img loading=\"lazy\" decoding=\"async\" src=\"https:\/\/www.agillat.com\/wp-content\/uploads\/2022\/06\/20220605_105345-498x1024.jpg\" alt=\"\" class=\"wp-image-671\" width=\"374\" height=\"770\" srcset=\"https:\/\/www.agillat.com\/wp-content\/uploads\/2022\/06\/20220605_105345-498x1024.jpg 498w, https:\/\/www.agillat.com\/wp-content\/uploads\/2022\/06\/20220605_105345-146x300.jpg 146w, https:\/\/www.agillat.com\/wp-content\/uploads\/2022\/06\/20220605_105345-768x1580.jpg 768w, https:\/\/www.agillat.com\/wp-content\/uploads\/2022\/06\/20220605_105345-747x1536.jpg 747w, https:\/\/www.agillat.com\/wp-content\/uploads\/2022\/06\/20220605_105345-996x2048.jpg 996w, https:\/\/www.agillat.com\/wp-content\/uploads\/2022\/06\/20220605_105345-29x60.jpg 29w, https:\/\/www.agillat.com\/wp-content\/uploads\/2022\/06\/20220605_105345-scaled.jpg 1244w\" sizes=\"auto, (max-width: 374px) 100vw, 374px\" \/><\/figure>\n<\/div>\n\n<div class=\"wp-block-image\">\n<figure class=\"aligncenter size-large is-resized\"><img loading=\"lazy\" decoding=\"async\" src=\"https:\/\/www.agillat.com\/wp-content\/uploads\/2022\/06\/20220605_110745-498x1024.jpg\" alt=\"\" class=\"wp-image-672\" width=\"370\" height=\"761\" srcset=\"https:\/\/www.agillat.com\/wp-content\/uploads\/2022\/06\/20220605_110745-498x1024.jpg 498w, https:\/\/www.agillat.com\/wp-content\/uploads\/2022\/06\/20220605_110745-146x300.jpg 146w, https:\/\/www.agillat.com\/wp-content\/uploads\/2022\/06\/20220605_110745-768x1580.jpg 768w, https:\/\/www.agillat.com\/wp-content\/uploads\/2022\/06\/20220605_110745-747x1536.jpg 747w, https:\/\/www.agillat.com\/wp-content\/uploads\/2022\/06\/20220605_110745-996x2048.jpg 996w, https:\/\/www.agillat.com\/wp-content\/uploads\/2022\/06\/20220605_110745-29x60.jpg 29w, https:\/\/www.agillat.com\/wp-content\/uploads\/2022\/06\/20220605_110745-scaled.jpg 1244w\" sizes=\"auto, (max-width: 370px) 100vw, 370px\" \/><\/figure>\n<\/div>\n\n<div class=\"wp-block-image\">\n<figure class=\"aligncenter size-large is-resized\"><img loading=\"lazy\" decoding=\"async\" src=\"https:\/\/www.agillat.com\/wp-content\/uploads\/2022\/06\/20220605_110152-498x1024.jpg\" alt=\"\" class=\"wp-image-673\" width=\"366\" height=\"754\" srcset=\"https:\/\/www.agillat.com\/wp-content\/uploads\/2022\/06\/20220605_110152-498x1024.jpg 498w, https:\/\/www.agillat.com\/wp-content\/uploads\/2022\/06\/20220605_110152-146x300.jpg 146w, https:\/\/www.agillat.com\/wp-content\/uploads\/2022\/06\/20220605_110152-768x1580.jpg 768w, https:\/\/www.agillat.com\/wp-content\/uploads\/2022\/06\/20220605_110152-747x1536.jpg 747w, https:\/\/www.agillat.com\/wp-content\/uploads\/2022\/06\/20220605_110152-996x2048.jpg 996w, https:\/\/www.agillat.com\/wp-content\/uploads\/2022\/06\/20220605_110152-29x60.jpg 29w, https:\/\/www.agillat.com\/wp-content\/uploads\/2022\/06\/20220605_110152-scaled.jpg 1244w\" sizes=\"auto, (max-width: 366px) 100vw, 366px\" \/><\/figure>\n<\/div>\n\n<div class=\"wp-block-image\">\n<figure class=\"aligncenter size-large is-resized\"><img loading=\"lazy\" decoding=\"async\" src=\"https:\/\/www.agillat.com\/wp-content\/uploads\/2022\/06\/20220605_110107-498x1024.jpg\" alt=\"\" class=\"wp-image-674\" width=\"355\" height=\"730\" srcset=\"https:\/\/www.agillat.com\/wp-content\/uploads\/2022\/06\/20220605_110107-498x1024.jpg 498w, https:\/\/www.agillat.com\/wp-content\/uploads\/2022\/06\/20220605_110107-146x300.jpg 146w, https:\/\/www.agillat.com\/wp-content\/uploads\/2022\/06\/20220605_110107-768x1580.jpg 768w, https:\/\/www.agillat.com\/wp-content\/uploads\/2022\/06\/20220605_110107-747x1536.jpg 747w, https:\/\/www.agillat.com\/wp-content\/uploads\/2022\/06\/20220605_110107-996x2048.jpg 996w, https:\/\/www.agillat.com\/wp-content\/uploads\/2022\/06\/20220605_110107-29x60.jpg 29w, https:\/\/www.agillat.com\/wp-content\/uploads\/2022\/06\/20220605_110107-scaled.jpg 1244w\" sizes=\"auto, (max-width: 355px) 100vw, 355px\" \/><\/figure>\n<\/div>\n\n\n<p>2022. m\u00e1jus 31. \u00e9s j\u00fanius 6. k\u00f6z\u00f6tt Sv\u00e1jcban egy programsorozat egyik \u00e1llom\u00e1sa volt ez a ki\u00e1ll\u00edt\u00e1s Poesie&amp;Sprache (K\u00f6lt\u00e9szet&amp;Nyelv) n\u00e9ven. Az Aargau M\u00fazeum biztos\u00edtott helyet a <a href=\"https:\/\/www.dieparfumbar.ch\/about\/bibi-bigler\/\">Bibi Bigler parf\u00fcm\u0151r \u00e9s csapata<\/a> \u00e1ltal meg\u00e1lmodott illatkompoz\u00edci\u00f3knak. M\u00e1r maga a m\u00fazeum is rendk\u00edv\u00fcl \u00e9rdekes: k\u00e9pzelj el egy barokk kast\u00e9lyt, ahol a falakon az Effinger csal\u00e1d tagjait \u00e1br\u00e1zol\u00f3 festm\u00e9nyek egy r\u00e9sze megelevenedik, besz\u00e9l. Mes\u00e9l a kast\u00e9ly t\u00f6rt\u00e9net\u00e9r\u0151l, a korr\u00f3l, amiben \u00e9ltek, \u00e9s megmutatj\u00e1k, merre haladj tov\u00e1bb. Nagyon sz\u00f3rakoztat\u00f3. A kertj\u00e9nek egy r\u00e9sze pedig a versailles-i kast\u00e9lyhoz hasonl\u00f3 kialak\u00edt\u00e1s\u00fa. <\/p>\n\n\n<div class=\"wp-block-image\">\n<figure class=\"aligncenter size-large is-resized\"><img loading=\"lazy\" decoding=\"async\" src=\"https:\/\/www.agillat.com\/wp-content\/uploads\/2022\/06\/20220605_103517-1-498x1024.jpg\" alt=\"\" class=\"wp-image-669\" width=\"308\" height=\"635\" srcset=\"https:\/\/www.agillat.com\/wp-content\/uploads\/2022\/06\/20220605_103517-1-146x300.jpg 146w, https:\/\/www.agillat.com\/wp-content\/uploads\/2022\/06\/20220605_103517-1-768x1580.jpg 768w, https:\/\/www.agillat.com\/wp-content\/uploads\/2022\/06\/20220605_103517-1-29x60.jpg 29w, https:\/\/www.agillat.com\/wp-content\/uploads\/2022\/06\/20220605_103517-1-scaled.jpg 1244w\" sizes=\"auto, (max-width: 308px) 100vw, 308px\" \/><\/figure>\n<\/div>\n\n\n<p>V\u00e1laszthat\u00f3 kieg\u00e9sz\u00edt\u0151 programokat is k\u00edn\u00e1ltak:<\/p>\n\n\n\n<ul class=\"wp-block-list\"><li>vezetett illatt\u00far\u00e1k<\/li><li>parf\u00fcmk\u00e9sz\u00edt\u0151 workshop Bibi Bigler parf\u00fcm\u0151rrel<\/li><li>Jean-Claude Richard aromatol\u00f3gus, a Farfalla t\u00e1rsalap\u00edt\u00f3ja a f\u0171szerek \u00e9s illatok vil\u00e1g\u00e1ba kalauzol el<\/li><li>&#8222;K\u00f6vesd az orrod&#8221; \u00edr\u00f3m\u0171hely Simone Lapperttel<\/li><\/ul>\n\n\n<div class=\"wp-block-image\">\n<figure class=\"aligncenter size-large is-resized\"><img loading=\"lazy\" decoding=\"async\" src=\"https:\/\/www.agillat.com\/wp-content\/uploads\/2022\/06\/20220605_111310-498x1024.jpg\" alt=\"\" class=\"wp-image-661\" width=\"298\" height=\"614\" srcset=\"https:\/\/www.agillat.com\/wp-content\/uploads\/2022\/06\/20220605_111310-498x1024.jpg 498w, https:\/\/www.agillat.com\/wp-content\/uploads\/2022\/06\/20220605_111310-146x300.jpg 146w, https:\/\/www.agillat.com\/wp-content\/uploads\/2022\/06\/20220605_111310-768x1580.jpg 768w, https:\/\/www.agillat.com\/wp-content\/uploads\/2022\/06\/20220605_111310-747x1536.jpg 747w, https:\/\/www.agillat.com\/wp-content\/uploads\/2022\/06\/20220605_111310-996x2048.jpg 996w, https:\/\/www.agillat.com\/wp-content\/uploads\/2022\/06\/20220605_111310-29x60.jpg 29w, https:\/\/www.agillat.com\/wp-content\/uploads\/2022\/06\/20220605_111310-scaled.jpg 1244w\" sizes=\"auto, (max-width: 298px) 100vw, 298px\" \/><\/figure>\n<\/div>\n\n\n<p>A kast\u00e9ly 5 helyis\u00e9ge illatos\u00edtott volt. B\u00e1rhogy kerestem, nem tal\u00e1ltam mag\u00e1t az illatos\u00edt\u00f3 szerkezetet, a tereket m\u00e9gis \u00e1tj\u00e1rt\u00e1k a finom arom\u00e1k:<\/p>\n\n\n\n<p><strong>Konyha<\/strong>: A 17.-19. sz\u00e1zadot id\u00e9z\u0151 helyis\u00e9g a nyitott k\u00e1lyh\u00e1val, korabeli eszk\u00f6z\u00f6kkel, a m\u00e9lyb\u0151l felh\u00fazhat\u00f3 v\u00edzzel nagyon \u00e9rdekes hangulatot \u00e1rasztott. Ehhez Jean-Claude Richard parf\u00fcm\u0151r gy\u00fcm\u00f6lcs\u00f6s-f\u0171szeres illatvil\u00e1got \u00e1lmodott: \u00e9desnarancs, grapefruit, tonkabab, van\u00edlia, gy\u00f6mb\u00e9r, kardamom, szegf\u0171szeg \u00e9s fah\u00e9j. Sz\u00e1momra ez ut\u00f3bbi kett\u0151 volt legink\u00e1bb beazonos\u00edthat\u00f3.<\/p>\n\n\n\n<p><strong>K\u00f6nyvt\u00e1r<\/strong>: Hangulat\u00e1t m\u00e1r a vil\u00e1g\u00edt\u00e1s megadta, a z\u00f6ldes sz\u00edn\u0171 terem nyugodt hangulatvil\u00e1ga kellemes \u00f6sszhangban volt a Bibi Bigler parf\u00fcm\u0151r kompon\u00e1lta illattal. Vetiver, kasmer\u00e1n, castoreum, c\u00e9drusfa, m\u00f3susz. <\/p>\n\n\n<div class=\"wp-block-image\">\n<figure class=\"aligncenter size-large is-resized\"><img loading=\"lazy\" decoding=\"async\" src=\"https:\/\/www.agillat.com\/wp-content\/uploads\/2022\/06\/IMG_20220606_082725_118-1024x1024.webp\" alt=\"\" class=\"wp-image-690\" width=\"281\" height=\"281\" srcset=\"https:\/\/www.agillat.com\/wp-content\/uploads\/2022\/06\/IMG_20220606_082725_118-1024x1024.webp 1024w, https:\/\/www.agillat.com\/wp-content\/uploads\/2022\/06\/IMG_20220606_082725_118-300x300.webp 300w, https:\/\/www.agillat.com\/wp-content\/uploads\/2022\/06\/IMG_20220606_082725_118-150x150.webp 150w, https:\/\/www.agillat.com\/wp-content\/uploads\/2022\/06\/IMG_20220606_082725_118-768x768.webp 768w, https:\/\/www.agillat.com\/wp-content\/uploads\/2022\/06\/IMG_20220606_082725_118-435x435.webp 435w, https:\/\/www.agillat.com\/wp-content\/uploads\/2022\/06\/IMG_20220606_082725_118-60x60.webp 60w, https:\/\/www.agillat.com\/wp-content\/uploads\/2022\/06\/IMG_20220606_082725_118.webp 1080w\" sizes=\"auto, (max-width: 281px) 100vw, 281px\" \/><\/figure>\n<\/div>\n\n\n<p><strong>V\u00f6r\u00f6s padl\u00e1s<\/strong>: A k\u00f6nyvt\u00e1r illat\u00e1nak \u00f6sszetev\u0151i jelentek meg ebben a teremben is. Ez a kompoz\u00edci\u00f3 volt sz\u00e1momra a legkev\u00e9sb\u00e9 tetsz\u0151, befogadhat\u00f3. <\/p>\n\n\n\n<p><strong>Toronyszoba<\/strong>: Ezt a r\u00e9szt m\u00e1r a Habsburgok \u00e9p\u00edtett\u00e9k az \u00e9p\u00fclethez. A kast\u00e9ly legmagasabb pontja, gy\u00fcm\u00f6lcs\u00f6k \u00e9s vir\u00e1gok sz\u00e1r\u00edt\u00e1s\u00e1ra haszn\u00e1lt\u00e1k. Jean-Claude Richard r\u00f3zsaillatot kompon\u00e1lt \u00edrisszel, szant\u00e1lf\u00e1val. K\u00e9t vir\u00e1gk\u00f6t\u0151 mester (Hanna Knoblauch, Philipp von Arx) j\u00f3volt\u00e1b\u00f3l r\u00f3zsacsokrok is voltak a teremben.<\/p>\n\n\n\n<p><strong>H\u00e1rsfaterasz<\/strong>: L\u00e9gies illatot kapott ez a teraszon elhelyezked\u0151, lef\u00fcgg\u00f6ny\u00f6z\u00f6tt t\u00e9r. Mandarin \u00e9s citrusok jellemezt\u00e9k a Bibi Bigler \u00e1ltal k\u00e9sz\u00edtett kre\u00e1ci\u00f3t.<\/p>\n\n\n<div class=\"wp-block-image\">\n<figure class=\"aligncenter size-large is-resized\"><img loading=\"lazy\" decoding=\"async\" src=\"https:\/\/www.agillat.com\/wp-content\/uploads\/2022\/06\/20220605_114647-498x1024.jpg\" alt=\"\" class=\"wp-image-657\" width=\"347\" height=\"713\" srcset=\"https:\/\/www.agillat.com\/wp-content\/uploads\/2022\/06\/20220605_114647-498x1024.jpg 498w, https:\/\/www.agillat.com\/wp-content\/uploads\/2022\/06\/20220605_114647-146x300.jpg 146w, https:\/\/www.agillat.com\/wp-content\/uploads\/2022\/06\/20220605_114647-768x1580.jpg 768w, https:\/\/www.agillat.com\/wp-content\/uploads\/2022\/06\/20220605_114647-747x1536.jpg 747w, https:\/\/www.agillat.com\/wp-content\/uploads\/2022\/06\/20220605_114647-996x2048.jpg 996w, https:\/\/www.agillat.com\/wp-content\/uploads\/2022\/06\/20220605_114647-29x60.jpg 29w, https:\/\/www.agillat.com\/wp-content\/uploads\/2022\/06\/20220605_114647-scaled.jpg 1244w\" sizes=\"auto, (max-width: 347px) 100vw, 347px\" \/><\/figure>\n<\/div>\n\n\n<p>Egy m\u00e1sik helysz\u00ednen a csapat tov\u00e1bbi kompoz\u00edci\u00f3it lehetett megszagolni. Meglep\u0151dve tapasztaltam, hogy az \u00e1ltaluk k\u00e9sz\u00edtett foug\u00e9re \u00e9s chypre illat tetszett a legjobban ezek k\u00f6z\u00fcl, mik\u00f6zben eddig az ilyen parf\u00fcm\u00f6ket sosem v\u00e1lasztottam. A foug\u00e9re illatcsal\u00e1dot alapvet\u0151en a f\u00e9rfias csoportba sorolj\u00e1k, f\u0151bb illatkomponensek: levendula, kumarin, citrusok, t\u00f6lgymoha (pl. Faberg\u00e9 Brut). Ez a csapat m\u00e9gis n\u0151iesebb, uniszex vonalat hozott l\u00e9tre. A chypre illatcsal\u00e1d f\u0151bb \u00f6sszetev\u0151i: bergamott, t\u00f6lgymoha, vetiver, pacsuli, labdanum, benzoin (pl. Guerlain Mitsuko).<\/p>\n\n\n\n<p><strong>Ha szeretn\u00e9d megtudni, milyen az illatt\u00edpusod, <a rel=\"noreferrer noopener\" href=\"https:\/\/www.museumaargau.ch\/jahresthema#c7117\" data-type=\"URL\" data-id=\"https:\/\/www.museumaargau.ch\/jahresthema#c7117\" target=\"_blank\">ezt<\/a> a tesztet tudod kit\u00f6lteni (n\u00e9met nyelv\u0171 az oldal). Az eredm\u00e9nyt e-mailben fogod megkapni.<\/strong><\/p>\n\n\n\n<p><strong>A 2022-es \u00e9ven \u00e1t\u00edvel\u0151 rendezv\u00e9nysorozat tov\u00e1bbi \u00e1llom\u00e1sai<\/strong>: <\/p>\n\n\n\n<p><strong>\u00c1prilis 1- okt\u00f3ber 31. Hallwyl kast\u00e9ly<\/strong>: a kolostortemplom (1390-ben j\u00e1tsz\u00f3d\u00f3 t\u00f6rt\u00e9net), a katonai t\u00e1bor (15.sz\u00e1zad), a b\u00e1lterem (1773) \u00e9s a vitorl\u00e1shaj\u00f3 (1737) illatai jelennek meg a &#8222;Hallwyl csal\u00e1d tagjai \u00e1ltal&#8221; elmes\u00e9lt t\u00f6rt\u00e9netekhez.  Az illatkompoz\u00edci\u00f3kat Bibi Bigler k\u00e9sz\u00edtette.<\/p>\n\n\n\n<p><strong>\u00c1prilis 1.- okt\u00f3ber 31. Lenzburg kast\u00e9ly<\/strong>: Nyomolvas\u00f3v\u00e1 v\u00e1lva k\u00fcl\u00f6nb\u00f6z\u0151 illat\u00e1llom\u00e1sokon kereszt\u00fcl ismerkedhetsz meg a kast\u00e9ly jellegzetes szagaival, illataival. Anissa, a teve v\u00e9gigvezet a l\u00e9gi\u00f3t\u00e1boron, mik\u00f6zben j\u00e1t\u00e9kos feladatokat oldasz meg. <\/p>\n\n\n\n<p><strong>Augusztus 12-14. Komolyzenei illatkoncert, K\u00f6nigsfelden<\/strong>: &#8222;Music &amp; Sound&#8221; a mott\u00f3ja a harmadik produkci\u00f3nak a k\u00f6nigsfeldeni kolostorban.\u00a0Oliver Schnyder\u00a0aargaui zongoram\u0171v\u00e9sz\u00a0j\u00e1t\u00e9ka inspir\u00e1lja\u00a0Vincent Micotti\u00a0b\u00e1zeli parf\u00fcm\u0151rt.<\/p>\n\n\n\n<p><strong>2022.09. 20-25. a&nbsp;Hallwyl kast\u00e9ly<\/strong>&nbsp;illatkast\u00e9lly\u00e1 v\u00e1lik&nbsp;, a mott\u00f3: \u201eEml\u00e9kez\u00e9s\u201d.&nbsp;A b\u00e9csi parf\u00fcm\u0151r,&nbsp;Alexander Lauber,&nbsp;Luca Maffei&nbsp;Mil\u00e1n\u00f3b\u00f3l \u00e9s a londoni sz\u00e9khely\u0171 sv\u00e9d&nbsp;Maya Njie&nbsp;Ezra Lloyd Jacksonnal&nbsp;egy\u00fctt&nbsp;teszik illat\u00e9lm\u00e9nny\u00e9 a kast\u00e9ly kiv\u00e1lasztott helysz\u00edneit. <\/p>\n\n\n\n<p><\/p>\n","protected":false},"excerpt":{"rendered":"<p>2022. m\u00e1jus 31. \u00e9s j\u00fanius 6. k\u00f6z\u00f6tt Sv\u00e1jcban egy programsorozat egyik \u00e1llom\u00e1sa volt ez a ki\u00e1ll\u00edt\u00e1s Poesie&amp;Sprache (K\u00f6lt\u00e9szet&amp;Nyelv) n\u00e9ven. Az Aargau M\u00fazeum biztos\u00edtott helyet a Bibi Bigler parf\u00fcm\u0151r \u00e9s csapata \u00e1ltal meg\u00e1lmodott illatkompoz\u00edci\u00f3knak. M\u00e1r maga a m\u00fazeum is rendk\u00edv\u00fcl \u00e9rdekes: k\u00e9pzelj el egy barokk kast\u00e9lyt, ahol a falakon az Effinger csal\u00e1d tagjait \u00e1br\u00e1zol\u00f3 festm\u00e9nyek egy &hellip; <\/p>\n","protected":false},"author":1,"featured_media":654,"comment_status":"open","ping_status":"open","sticky":false,"template":"","format":"standard","meta":{"footnotes":""},"categories":[8],"tags":[],"class_list":["post-608","post","type-post","status-publish","format-standard","has-post-thumbnail","hentry","category-blog"],"_links":{"self":[{"href":"https:\/\/www.agillat.com\/index.php?rest_route=\/wp\/v2\/posts\/608","targetHints":{"allow":["GET"]}}],"collection":[{"href":"https:\/\/www.agillat.com\/index.php?rest_route=\/wp\/v2\/posts"}],"about":[{"href":"https:\/\/www.agillat.com\/index.php?rest_route=\/wp\/v2\/types\/post"}],"author":[{"embeddable":true,"href":"https:\/\/www.agillat.com\/index.php?rest_route=\/wp\/v2\/users\/1"}],"replies":[{"embeddable":true,"href":"https:\/\/www.agillat.com\/index.php?rest_route=%2Fwp%2Fv2%2Fcomments&post=608"}],"version-history":[{"count":59,"href":"https:\/\/www.agillat.com\/index.php?rest_route=\/wp\/v2\/posts\/608\/revisions"}],"predecessor-version":[{"id":695,"href":"https:\/\/www.agillat.com\/index.php?rest_route=\/wp\/v2\/posts\/608\/revisions\/695"}],"wp:featuredmedia":[{"embeddable":true,"href":"https:\/\/www.agillat.com\/index.php?rest_route=\/wp\/v2\/media\/654"}],"wp:attachment":[{"href":"https:\/\/www.agillat.com\/index.php?rest_route=%2Fwp%2Fv2%2Fmedia&parent=608"}],"wp:term":[{"taxonomy":"category","embeddable":true,"href":"https:\/\/www.agillat.com\/index.php?rest_route=%2Fwp%2Fv2%2Fcategories&post=608"},{"taxonomy":"post_tag","embeddable":true,"href":"https:\/\/www.agillat.com\/index.php?rest_route=%2Fwp%2Fv2%2Ftags&post=608"}],"curies":[{"name":"wp","href":"https:\/\/api.w.org\/{rel}","templated":true}]}}