{"id":388,"date":"2022-06-01T09:56:47","date_gmt":"2022-06-01T09:56:47","guid":{"rendered":"https:\/\/www.agillat.com\/?p=388"},"modified":"2022-06-01T10:03:58","modified_gmt":"2022-06-01T10:03:58","slug":"eskuvoillatositas","status":"publish","type":"post","link":"https:\/\/www.agillat.com\/?p=388","title":{"rendered":"Esk\u00fcv\u0151illatos\u00edt\u00e1s"},"content":{"rendered":"\n<p>Ma reggel a Facebook-on sz\u00f6rf\u00f6lve legal\u00e1bb 3 h\u00e1zass\u00e1gi \u00e9vfordul\u00f3s fot\u00f3ba botlottam. Ezt jelnek vettem: ideje az esk\u00fcv\u0151k illatos\u00edt\u00e1s\u00e1r\u00f3l besz\u00e9lgetni. \ud83d\ude42<\/p>\n\n\n\n<p>A kaszin\u00f3kkal \u00e9s sz\u00e1llod\u00e1kkal kezd\u0151d\u00f6tt minden, majd id\u0151vel a terek illatos\u00edt\u00e1sa egyre fontosabb\u00e1 v\u00e1lt-\u00edrja a <a rel=\"noreferrer noopener\" href=\"https:\/\/www.nytimes.com\/2021\/05\/12\/style\/personalized-wedding-scents.html?searchResultPosition=1\" data-type=\"URL\" data-id=\"https:\/\/www.nytimes.com\/2021\/05\/12\/style\/personalized-wedding-scents.html?searchResultPosition=1\" target=\"_blank\">New York Times egyik cikke<\/a>. \u00dczletek, gy\u00f3gyf\u00fcrd\u0151k mellett m\u00e1ra Amerik\u00e1ban az esk\u00fcv\u0151illatos\u00edt\u00e1s is komoly \u00fczlett\u00e9 v\u00e1lt. A p\u00e1rok sz\u00edvesen k\u00e9rnek szem\u00e9lyre szabott illatkompoz\u00edci\u00f3t abban az esetben is, ha t\u00f6rt\u00e9netesen a szabadban tartj\u00e1k a cerem\u00f3ni\u00e1t. Az oka az, hogy az illatok m\u00e9lyen r\u00f6gz\u00fclnek az agyban, \u00e9s eml\u00e9keket id\u00e9znek meg, ha \u00fajra beleszagolsz. Az esk\u00fcv\u0151t teh\u00e1t m\u00e9g egyedibb\u00e9 \u00e9s feledhetetlenn\u00e9 var\u00e1zsolj\u00e1k. Arr\u00f3l nem is besz\u00e9lve, hogy egy illattal olyan helyekre is &#8222;elr\u00f6p\u00edthet\u0151&#8221; a n\u00e1szn\u00e9p, ami t\u00f6rt\u00e9netesen a val\u00f3s helysz\u00ednt\u0151l messze van, p\u00e9ld\u00e1ul egy tengerpartra. Az \u00e9lm\u00e9ny tov\u00e1bb fokozhat\u00f3, ha nemcsak a teret illatos\u00edtjuk, hanem a szob\u00e1kat is, esetleg a f\u00fcrd\u0151szob\u00e1ban l\u00e9v\u0151 szappanoknak, test\u00e1pol\u00f3nak is olyan illatuk van, mint az esk\u00fcv\u0151i t\u00e9rnek. <\/p>\n\n\n\n<p>A t\u00e9m\u00e1r\u00f3l el\u0151sz\u00f6r <strong>Kate Middleton \u00e9s Vilmos herceg esk\u00fcv\u0151je<\/strong> kapcs\u00e1n hallottam 2011-ben. Kate kedvenc parf\u00fcmje, az <strong>Illuminum White gardenia petals<\/strong> volt \u00e9rezhet\u0151 a cerem\u00f3nia alatt egy speci\u00e1lis t\u00e9rillatos\u00edt\u00f3 eszk\u00f6znek k\u00f6sz\u00f6nhet\u0151en. <\/p>\n\n\n<div class=\"wp-block-image\">\n<figure class=\"aligncenter size-full is-resized\"><img loading=\"lazy\" decoding=\"async\" src=\"https:\/\/www.agillat.com\/wp-content\/uploads\/2022\/06\/375x500.11806.jpg\" alt=\"\" class=\"wp-image-583\" width=\"240\" height=\"320\" srcset=\"https:\/\/www.agillat.com\/wp-content\/uploads\/2022\/06\/375x500.11806.jpg 375w, https:\/\/www.agillat.com\/wp-content\/uploads\/2022\/06\/375x500.11806-225x300.jpg 225w, https:\/\/www.agillat.com\/wp-content\/uploads\/2022\/06\/375x500.11806-45x60.jpg 45w\" sizes=\"auto, (max-width: 240px) 100vw, 240px\" \/><figcaption><a href=\"https:\/\/www.illuminumlondon.com\/product\/white-gardenia-petals-100ml\/\" data-type=\"URL\" data-id=\"https:\/\/www.illuminumlondon.com\/product\/white-gardenia-petals-100ml\/\" target=\"_blank\" rel=\"noreferrer noopener\">White gardenia petals<\/a><\/figcaption><\/figure>\n<\/div>\n\n\n<p><strong>Harry herceg \u00e9s Meghan Markle esk\u00fcv\u0151j\u00e9n<\/strong> 2018-ban Megan a windsori kast\u00e9ly St. George k\u00e1poln\u00e1j\u00e1t akarta beillatos\u00edtani, mert nem szereti a templom \u00f3don, dohos illat\u00e1t. A kir\u00e1lyi csal\u00e1d enged\u00e9lyt adott arra, hogy <a href=\"https:\/\/www.diptyqueparis.com\/fr_fr\/p\/sablier-baies-3-0.html\" data-type=\"URL\" data-id=\"https:\/\/www.diptyqueparis.com\/fr_fr\/p\/sablier-baies-3-0.html\" target=\"_blank\" rel=\"noreferrer noopener\">Diptyque Baies diff\u00fazorokkal<\/a> tegyenek eleget a menyasszony k\u00e9r\u00e9s\u00e9nek. <\/p>\n\n\n\n<p>Tudom\u00e1som szerint az esk\u00fcv\u0151i t\u00e9rillatos\u00edt\u00e1s Magyarorsz\u00e1gon m\u00e9g nem \u00f6rvend n\u00e9pszer\u0171s\u00e9gnek, viszont n\u00e9h\u00e1ny dolog m\u00e1r el\u00e9rhet\u0151:<\/p>\n\n\n\n<p><strong>Vir\u00e1gok az esk\u00fcv\u0151i helysz\u00edneken<\/strong>: Az esk\u00fcv\u0151i csokrot csak a menyasszony szagolhatja. Ha a n\u00e1szn\u00e9pet is szeretn\u00e9nk illat\u00e9lm\u00e9nyben r\u00e9szes\u00edteni, a teret is term\u00e9szetes vir\u00e1gillat\u00fav\u00e1 var\u00e1zsolhatjuk frissen v\u00e1gott vir\u00e1gkompoz\u00edci\u00f3kkal. Ak\u00e1r z\u00e1rt, ak\u00e1r ny\u00edlt t\u00e9rben zajlik az esk\u00fcv\u0151, \u00e9rdemes finoman illatoz\u00f3, nem t\u00fal tolakod\u00f3 illat\u00fa vir\u00e1gokat haszn\u00e1lni. A liliom p\u00e9ld\u00e1ul nagy mennyis\u00e9gben fullaszt\u00f3, vesz\u00e9lyes lehet.<\/p>\n\n\n<div class=\"wp-block-image\">\n<figure class=\"aligncenter size-large is-resized\"><img loading=\"lazy\" decoding=\"async\" src=\"https:\/\/www.agillat.com\/wp-content\/uploads\/2022\/06\/arch-g171e813a5_1920-1024x683.jpg\" alt=\"\" class=\"wp-image-590\" width=\"519\" height=\"346\" srcset=\"https:\/\/www.agillat.com\/wp-content\/uploads\/2022\/06\/arch-g171e813a5_1920-1024x683.jpg 1024w, https:\/\/www.agillat.com\/wp-content\/uploads\/2022\/06\/arch-g171e813a5_1920-300x200.jpg 300w, https:\/\/www.agillat.com\/wp-content\/uploads\/2022\/06\/arch-g171e813a5_1920-768x512.jpg 768w, https:\/\/www.agillat.com\/wp-content\/uploads\/2022\/06\/arch-g171e813a5_1920-1536x1024.jpg 1536w, https:\/\/www.agillat.com\/wp-content\/uploads\/2022\/06\/arch-g171e813a5_1920-450x300.jpg 450w, https:\/\/www.agillat.com\/wp-content\/uploads\/2022\/06\/arch-g171e813a5_1920-90x60.jpg 90w, https:\/\/www.agillat.com\/wp-content\/uploads\/2022\/06\/arch-g171e813a5_1920.jpg 1920w\" sizes=\"auto, (max-width: 519px) 100vw, 519px\" \/><figcaption><a href=\"https:\/\/pixabay.com\/\" data-type=\"URL\" data-id=\"https:\/\/pixabay.com\/\" target=\"_blank\" rel=\"noreferrer noopener\">pixabay<\/a><\/figcaption><\/figure>\n<\/div>\n\n\n<p><strong>Aj\u00e1nd\u00e9killat a n\u00e1szn\u00e9pnek<\/strong>: A menyasszony \u00e9s a v\u0151leg\u00e9ny k\u00f6sz\u00f6netk\u00e9ppen aj\u00e1nd\u00e9kkal kedveskedik a n\u00e1szn\u00e9pnek. Sokszor ez az apr\u00f3s\u00e1g val\u00f3j\u00e1ban haszontalan, az aj\u00e1nd\u00e9kozott nem igaz\u00e1n tudja haszn\u00e1lni. Erre j\u00f3 alternat\u00edva az illatos sz\u00f3jagyertya, ami nemcsak mutat\u00f3s, de term\u00e9szetes anyagokb\u00f3l k\u00e9sz\u00fcl, \u00e9s illata hosszabb ideig eml\u00e9keztethet az esk\u00fcv\u0151re. \u00dcltet\u0151k\u00e1rtya helyett is remek\u00fcl haszn\u00e1lhat\u00f3. \ud83d\ude42<\/p>\n\n\n<div class=\"wp-block-image\">\n<figure class=\"aligncenter size-full is-resized\"><img loading=\"lazy\" decoding=\"async\" src=\"https:\/\/www.agillat.com\/wp-content\/uploads\/2022\/06\/ko\u0308szo\u0308netaja\u0301nde\u0301k3.jpg\" alt=\"\" class=\"wp-image-592\" width=\"372\" height=\"373\" srcset=\"https:\/\/www.agillat.com\/wp-content\/uploads\/2022\/06\/ko\u0308szo\u0308netaja\u0301nde\u0301k3.jpg 600w, https:\/\/www.agillat.com\/wp-content\/uploads\/2022\/06\/ko\u0308szo\u0308netaja\u0301nde\u0301k3-300x300.jpg 300w, https:\/\/www.agillat.com\/wp-content\/uploads\/2022\/06\/ko\u0308szo\u0308netaja\u0301nde\u0301k3-150x150.jpg 150w, https:\/\/www.agillat.com\/wp-content\/uploads\/2022\/06\/ko\u0308szo\u0308netaja\u0301nde\u0301k3-435x435.jpg 435w, https:\/\/www.agillat.com\/wp-content\/uploads\/2022\/06\/ko\u0308szo\u0308netaja\u0301nde\u0301k3-60x60.jpg 60w\" sizes=\"auto, (max-width: 372px) 100vw, 372px\" \/><figcaption><a href=\"https:\/\/auroracandle.hu\/eskuvoi-koszonetajandek-2\/\" data-type=\"URL\" data-id=\"https:\/\/auroracandle.hu\/eskuvoi-koszonetajandek-2\/\" target=\"_blank\" rel=\"noreferrer noopener\">Aurora Candle Company<\/a><\/figcaption><\/figure>\n<\/div>\n\n\n<p><strong>A menyasszony \u00e9s a v\u0151leg\u00e9ny illata<\/strong> egy teljes bejegyz\u00e9st k\u00edv\u00e1n, k\u00e9s\u0151bb visszat\u00e9rek erre a t\u00e9m\u00e1ra.<\/p>\n\n\n\n<p>Az esk\u00fcv\u0151m\u00f6n sajnos nem volt ilyen illat\u00e9lm\u00e9ny, de tal\u00e1n majd az egyik \u00e9vfordul\u00f3n&#8230; Aprop\u00f3 \u00e9vfordul\u00f3, <a rel=\"noreferrer noopener\" href=\"https:\/\/www.retikul.hu\/eskuvo\/evfordulok-nevei\/\" data-type=\"URL\" data-id=\"https:\/\/www.retikul.hu\/eskuvo\/evfordulok-nevei\/\" target=\"_blank\">tudtad<\/a>, hogy:<\/p>\n\n\n\n<p>1. \u00e9v a gyapj\u00fa- vagy pap\u00edrlakodalom<\/p>\n\n\n\n<p>3. a b\u0151rlakodalom<\/p>\n\n\n\n<p>5. a falakodalom<\/p>\n\n\n\n<p>7. a r\u00e9zlakodalom<\/p>\n\n\n\n<p>10. a r\u00f3zsalakodalom<\/p>\n","protected":false},"excerpt":{"rendered":"<p>Ma reggel a Facebook-on sz\u00f6rf\u00f6lve legal\u00e1bb 3 h\u00e1zass\u00e1gi \u00e9vfordul\u00f3s fot\u00f3ba botlottam. Ezt jelnek vettem: ideje az esk\u00fcv\u0151k illatos\u00edt\u00e1s\u00e1r\u00f3l besz\u00e9lgetni. \ud83d\ude42 A kaszin\u00f3kkal \u00e9s sz\u00e1llod\u00e1kkal kezd\u0151d\u00f6tt minden, majd id\u0151vel a terek illatos\u00edt\u00e1sa egyre fontosabb\u00e1 v\u00e1lt-\u00edrja a New York Times egyik cikke. \u00dczletek, gy\u00f3gyf\u00fcrd\u0151k mellett m\u00e1ra Amerik\u00e1ban az esk\u00fcv\u0151illatos\u00edt\u00e1s is komoly \u00fczlett\u00e9 v\u00e1lt. A p\u00e1rok sz\u00edvesen k\u00e9rnek &hellip; <\/p>\n","protected":false},"author":1,"featured_media":585,"comment_status":"open","ping_status":"open","sticky":false,"template":"","format":"standard","meta":{"footnotes":""},"categories":[8],"tags":[],"class_list":["post-388","post","type-post","status-publish","format-standard","has-post-thumbnail","hentry","category-blog"],"_links":{"self":[{"href":"https:\/\/www.agillat.com\/index.php?rest_route=\/wp\/v2\/posts\/388","targetHints":{"allow":["GET"]}}],"collection":[{"href":"https:\/\/www.agillat.com\/index.php?rest_route=\/wp\/v2\/posts"}],"about":[{"href":"https:\/\/www.agillat.com\/index.php?rest_route=\/wp\/v2\/types\/post"}],"author":[{"embeddable":true,"href":"https:\/\/www.agillat.com\/index.php?rest_route=\/wp\/v2\/users\/1"}],"replies":[{"embeddable":true,"href":"https:\/\/www.agillat.com\/index.php?rest_route=%2Fwp%2Fv2%2Fcomments&post=388"}],"version-history":[{"count":34,"href":"https:\/\/www.agillat.com\/index.php?rest_route=\/wp\/v2\/posts\/388\/revisions"}],"predecessor-version":[{"id":605,"href":"https:\/\/www.agillat.com\/index.php?rest_route=\/wp\/v2\/posts\/388\/revisions\/605"}],"wp:featuredmedia":[{"embeddable":true,"href":"https:\/\/www.agillat.com\/index.php?rest_route=\/wp\/v2\/media\/585"}],"wp:attachment":[{"href":"https:\/\/www.agillat.com\/index.php?rest_route=%2Fwp%2Fv2%2Fmedia&parent=388"}],"wp:term":[{"taxonomy":"category","embeddable":true,"href":"https:\/\/www.agillat.com\/index.php?rest_route=%2Fwp%2Fv2%2Fcategories&post=388"},{"taxonomy":"post_tag","embeddable":true,"href":"https:\/\/www.agillat.com\/index.php?rest_route=%2Fwp%2Fv2%2Ftags&post=388"}],"curies":[{"name":"wp","href":"https:\/\/api.w.org\/{rel}","templated":true}]}}