{"id":385,"date":"2022-05-30T10:00:00","date_gmt":"2022-05-30T10:00:00","guid":{"rendered":"https:\/\/www.agillat.com\/?p=385"},"modified":"2022-05-30T07:31:21","modified_gmt":"2022-05-30T07:31:21","slug":"101-kedvenc-rozsas-parfumom","status":"publish","type":"post","link":"https:\/\/www.agillat.com\/?p=385","title":{"rendered":"10+1 kedvenc r\u00f3zs\u00e1s parf\u00fcm\u00f6m"},"content":{"rendered":"\n<p>Ennek a bejegyz\u00e9snek az \u00edr\u00e1sa k\u00f6zben d\u00f6bbentem r\u00e1, hogy b\u00e1r asztrol\u00f3giai szempontb\u00f3l a V\u00e9nusz az uralkod\u00f3 bolyg\u00f3m- ami a r\u00f3zs\u00e1hoz kapcsolhat\u00f3-, m\u00e9gis alig van r\u00f3zsa-domin\u00e1ns parf\u00fcm a polcomon. A legt\u00f6bb illat az al\u00e1bbiak k\u00f6z\u00fcl csup\u00e1n a k\u00edv\u00e1ns\u00e1glist\u00e1mon szerepel, \u00e9s illatmint\u00e1t \u0151rizgetek bel\u0151l\u00fck. Ideje lenne ezen v\u00e1ltoztatni, megv\u00e1s\u00e1rolni legal\u00e1bb n\u00e9h\u00e1nyat k\u00f6z\u00fcl\u00fck. \ud83d\ude42<\/p>\n\n\n<div class=\"wp-block-image\">\n<figure class=\"aligncenter size-large is-resized\"><img decoding=\"async\" src=\"https:\/\/www.agillat.com\/wp-content\/uploads\/2022\/05\/20220527_122922-1-edited-scaled.jpg\" alt=\"\" class=\"wp-image-564\" width=\"561\" srcset=\"https:\/\/www.agillat.com\/wp-content\/uploads\/2022\/05\/20220527_122922-1-edited-scaled.jpg 2560w, https:\/\/www.agillat.com\/wp-content\/uploads\/2022\/05\/20220527_122922-1-edited-300x187.jpg 300w, https:\/\/www.agillat.com\/wp-content\/uploads\/2022\/05\/20220527_122922-1-edited-1024x639.jpg 1024w, https:\/\/www.agillat.com\/wp-content\/uploads\/2022\/05\/20220527_122922-1-edited-768x480.jpg 768w, https:\/\/www.agillat.com\/wp-content\/uploads\/2022\/05\/20220527_122922-1-edited-1536x959.jpg 1536w, https:\/\/www.agillat.com\/wp-content\/uploads\/2022\/05\/20220527_122922-1-edited-2048x1279.jpg 2048w, https:\/\/www.agillat.com\/wp-content\/uploads\/2022\/05\/20220527_122922-1-edited-320x200.jpg 320w, https:\/\/www.agillat.com\/wp-content\/uploads\/2022\/05\/20220527_122922-1-edited-96x60.jpg 96w\" sizes=\"(max-width: 2560px) 100vw, 2560px\" \/><figcaption><a href=\"https:\/\/www.aroma-botanica.hu\/product-page\/testreszabott-illatok-aromater%C3%A1pi%C3%A1s-vet%C5%91k%C3%A1rtya\" data-type=\"URL\" data-id=\"https:\/\/www.aroma-botanica.hu\/product-page\/testreszabott-illatok-aromater%C3%A1pi%C3%A1s-vet%C5%91k%C3%A1rtya\" target=\"_blank\" rel=\"noreferrer noopener\">Aromater\u00e1pi\u00e1s vet\u0151k\u00e1rtya<\/a><\/figcaption><\/figure>\n<\/div>\n\n\n<p><strong>YSL Paris<\/strong> <strong>edt<\/strong>: Az els\u0151 tal\u00e1lkoz\u00e1som egy parf\u00fcmben a r\u00f3zs\u00e1val ez az 1983-ban k\u00e9sz\u00fclt alkot\u00e1s volt. Szintetikus, ezt elismerem, de anno a 20-as \u00e9veimben engem ez az illat leny\u0171g\u00f6z\u00f6tt. P\u00faderes, vir\u00e1gos, r\u00f3zs\u00e1s, hosszantart\u00f3 kompoz\u00edci\u00f3. Er\u0151teljesen ind\u00edt, j\u00e1cint, narancsvir\u00e1g \u00e9s z\u00f6ld jegyek \u00e1llnak a r\u00f3zsa mellett, lesz\u00e1rad\u00e1skor kiss\u00e9 f\u00e1s, \u00e1mbr\u00e1s r\u00f3zsaillatot hagy a b\u0151r\u00f6n. <\/p>\n\n\n<div class=\"wp-block-image\">\n<figure class=\"aligncenter size-large is-resized\"><img loading=\"lazy\" decoding=\"async\" src=\"https:\/\/www.agillat.com\/wp-content\/uploads\/2022\/05\/yslparis-1024x1024.jpg\" alt=\"\" class=\"wp-image-526\" width=\"413\" height=\"413\" srcset=\"https:\/\/www.agillat.com\/wp-content\/uploads\/2022\/05\/yslparis-1024x1024.jpg 1024w, https:\/\/www.agillat.com\/wp-content\/uploads\/2022\/05\/yslparis-300x300.jpg 300w, https:\/\/www.agillat.com\/wp-content\/uploads\/2022\/05\/yslparis-150x150.jpg 150w, https:\/\/www.agillat.com\/wp-content\/uploads\/2022\/05\/yslparis-768x768.jpg 768w, https:\/\/www.agillat.com\/wp-content\/uploads\/2022\/05\/yslparis-435x435.jpg 435w, https:\/\/www.agillat.com\/wp-content\/uploads\/2022\/05\/yslparis-60x60.jpg 60w, https:\/\/www.agillat.com\/wp-content\/uploads\/2022\/05\/yslparis.jpg 1350w\" sizes=\"auto, (max-width: 413px) 100vw, 413px\" \/><figcaption><a href=\"https:\/\/www.impo.ch\/de\/Parfum\/Damend%C3%BCfte\/Parfum\/YSL-Paris-EdTV-50ml\/p\/5059448\" data-type=\"URL\" data-id=\"https:\/\/www.impo.ch\/de\/Parfum\/Damend%C3%BCfte\/Parfum\/YSL-Paris-EdTV-50ml\/p\/5059448\" target=\"_blank\" rel=\"noreferrer noopener\">YSL Paris<\/a><\/figcaption><\/figure>\n<\/div>\n\n\n<p><strong>Antonio Visconti Rose sauvage<\/strong>: Meleg, f\u0171szeres, van\u00edli\u00e1s r\u00f3zsaillat. \u00cdrisz, j\u00e1zmin, tonkabab, narancs, mandarin \u00e9s van\u00edlia a bolg\u00e1r r\u00f3zsa legf\u0151bb t\u00e1mogat\u00f3i. Igazi t\u00e9li finoms\u00e1g. \u00c9rzelmileg nagyon k\u00f6t\u0151d\u00f6m hozz\u00e1, mert egy pr\u00e1gai utaz\u00e1sunk eml\u00e9ke, ott vette a f\u00e9rjem ezt a kis \u00fcveget bel\u0151le, az utols\u00f3 cseppeket f\u00e9ltve \u0151rz\u00f6m. <\/p>\n\n\n<div class=\"wp-block-image\">\n<figure class=\"aligncenter size-large is-resized\"><img loading=\"lazy\" decoding=\"async\" src=\"https:\/\/www.agillat.com\/wp-content\/uploads\/2022\/05\/20220527_122952-edited.jpg\" alt=\"\" class=\"wp-image-549\" width=\"245\" height=\"245\" srcset=\"https:\/\/www.agillat.com\/wp-content\/uploads\/2022\/05\/20220527_122952-edited.jpg 1960w, https:\/\/www.agillat.com\/wp-content\/uploads\/2022\/05\/20220527_122952-edited-300x300.jpg 300w, https:\/\/www.agillat.com\/wp-content\/uploads\/2022\/05\/20220527_122952-edited-1024x1024.jpg 1024w, https:\/\/www.agillat.com\/wp-content\/uploads\/2022\/05\/20220527_122952-edited-150x150.jpg 150w, https:\/\/www.agillat.com\/wp-content\/uploads\/2022\/05\/20220527_122952-edited-768x768.jpg 768w, https:\/\/www.agillat.com\/wp-content\/uploads\/2022\/05\/20220527_122952-edited-1536x1536.jpg 1536w, https:\/\/www.agillat.com\/wp-content\/uploads\/2022\/05\/20220527_122952-edited-435x435.jpg 435w, https:\/\/www.agillat.com\/wp-content\/uploads\/2022\/05\/20220527_122952-edited-60x60.jpg 60w\" sizes=\"auto, (max-width: 245px) 100vw, 245px\" \/><figcaption>Rose sauvage<\/figcaption><\/figure>\n<\/div>\n\n\n<p><strong>Balenciaga Florabotanica<\/strong>: A szegf\u0171 illat\u00e1t nem szeretem vir\u00e1gk\u00e9nt sem, \u00e9s parf\u00fcmben sem, ha nagyon hangs\u00falyos. Ez az egyetlen kiv\u00e9tel. Ebben az illatban kif\u00faj\u00e1skor a menta mellett a szegf\u0171 \u00e9s a r\u00f3zsa domin\u00e1ns. L\u00e9gies, friss tavaszi-ny\u00e1ri finoms\u00e1g. Egy\u00e1ltal\u00e1n nem tucat-illat, k\u00fcl\u00f6nleges, hosszantart\u00f3, k\u00e9nyelmes viselet, nem j\u00f6n s\u0171r\u0171n szembe veled az utc\u00e1n. Az illat gy\u00e1rt\u00e1s\u00e1t megsz\u00fcntett\u00e9k id\u00e9n. Elszomor\u00edt\u00f3. Mi\u00e9rt kell ezt csin\u00e1lni????? \ud83d\ude41<\/p>\n\n\n<div class=\"wp-block-image\">\n<figure class=\"aligncenter size-large is-resized\"><img loading=\"lazy\" decoding=\"async\" src=\"https:\/\/www.agillat.com\/wp-content\/uploads\/2022\/05\/20220527_123020-498x1024.jpg\" alt=\"\" class=\"wp-image-546\" width=\"281\" height=\"578\" srcset=\"https:\/\/www.agillat.com\/wp-content\/uploads\/2022\/05\/20220527_123020-498x1024.jpg 498w, https:\/\/www.agillat.com\/wp-content\/uploads\/2022\/05\/20220527_123020-146x300.jpg 146w, https:\/\/www.agillat.com\/wp-content\/uploads\/2022\/05\/20220527_123020-768x1580.jpg 768w, https:\/\/www.agillat.com\/wp-content\/uploads\/2022\/05\/20220527_123020-747x1536.jpg 747w, https:\/\/www.agillat.com\/wp-content\/uploads\/2022\/05\/20220527_123020-996x2048.jpg 996w, https:\/\/www.agillat.com\/wp-content\/uploads\/2022\/05\/20220527_123020-29x60.jpg 29w, https:\/\/www.agillat.com\/wp-content\/uploads\/2022\/05\/20220527_123020-scaled.jpg 1244w\" sizes=\"auto, (max-width: 281px) 100vw, 281px\" \/><figcaption>Florabotanica<\/figcaption><\/figure>\n<\/div>\n\n\n<p><strong>Les Parfumes de Rosine Roseberry<\/strong>: Kor\u00e1bbi \u00edr\u00e1somban m\u00e1r eml\u00edtettem ezt az illatot. R\u00f3zsa, feketeribizli, kamilla \u00e9s \u00edrisz var\u00e1zslatos elegye. Tavasszal \u00e9s ny\u00e1ron sz\u00edvesen f\u00fajom magamra. <\/p>\n\n\n<div class=\"wp-block-image\">\n<figure class=\"aligncenter size-full is-resized\"><img loading=\"lazy\" decoding=\"async\" src=\"https:\/\/www.agillat.com\/wp-content\/uploads\/2022\/05\/roseberry-1.jpg\" alt=\"\" class=\"wp-image-537\" width=\"379\" height=\"492\" srcset=\"https:\/\/www.agillat.com\/wp-content\/uploads\/2022\/05\/roseberry-1.jpg 420w, https:\/\/www.agillat.com\/wp-content\/uploads\/2022\/05\/roseberry-1-231x300.jpg 231w, https:\/\/www.agillat.com\/wp-content\/uploads\/2022\/05\/roseberry-1-46x60.jpg 46w\" sizes=\"auto, (max-width: 379px) 100vw, 379px\" \/><figcaption><a href=\"https:\/\/www.les-parfums-de-rosine.com\/index.php?id_product=9&amp;controller=product&amp;id_lang=4\" data-type=\"URL\" data-id=\"https:\/\/www.les-parfums-de-rosine.com\/index.php?id_product=9&amp;controller=product&amp;id_lang=4\" target=\"_blank\" rel=\"noreferrer noopener\">Roseberry<\/a><\/figcaption><\/figure>\n<\/div>\n\n\n<p><strong>Parfum de Marly Delina<\/strong>: Ez egy \u00faj felfedez\u00e9sem, tudom, nagy a hype k\u00f6r\u00fcl\u00f6tte, szerintem nem v\u00e9letlen\u00fcl. Kiss\u00e9 t\u00fal\u00e1razottnak tartom, de ez nem von le az \u00e9rt\u00e9k\u00e9b\u0151l. Hihetetlen\u00fcl n\u0151ies, eleg\u00e1ns, \u00e9desk\u00e9s illat, de nem szirup. Gy\u00fcm\u00f6lcs\u00f6s, r\u00f3zs\u00e1s, vir\u00e1gos, nem nyomaszt\u00f3, van benne frissess\u00e9g. <\/p>\n\n\n<div class=\"wp-block-image\">\n<figure class=\"aligncenter size-full\"><img loading=\"lazy\" decoding=\"async\" width=\"146\" height=\"350\" src=\"https:\/\/www.agillat.com\/wp-content\/uploads\/2022\/05\/parfums-de-marly-delina.jpg\" alt=\"\" class=\"wp-image-529\" srcset=\"https:\/\/www.agillat.com\/wp-content\/uploads\/2022\/05\/parfums-de-marly-delina.jpg 146w, https:\/\/www.agillat.com\/wp-content\/uploads\/2022\/05\/parfums-de-marly-delina-125x300.jpg 125w, https:\/\/www.agillat.com\/wp-content\/uploads\/2022\/05\/parfums-de-marly-delina-25x60.jpg 25w\" sizes=\"auto, (max-width: 146px) 100vw, 146px\" \/><figcaption><a href=\"https:\/\/www.notino.ch\/parfums-de-marly\/darley-royal-essence-delina-eau-de-parfum-fur-damen\/\" data-type=\"URL\" data-id=\"https:\/\/www.notino.ch\/parfums-de-marly\/darley-royal-essence-delina-eau-de-parfum-fur-damen\/\" target=\"_blank\" rel=\"noreferrer noopener\">Delina<\/a><\/figcaption><\/figure>\n<\/div>\n\n\n<p><strong>Chlo\u00e9 Chlo\u00e9 edp<\/strong>: Friss r\u00f3zsa, irodai munk\u00e1ban is b\u00e1tran viselhet\u0151. Nem egy komplik\u00e1lt, \u00f6sszetett illat, de tart\u00f3s, \u00e9s teszi a dolg\u00e1t. Egy id\u0151ben nagyon sok n\u0151 haszn\u00e1lta, \u00edgy igyekeztem ker\u00fclni, de n\u00e9h\u00e1ny h\u00f3nappal ezel\u0151tt megvettem. Sok flankere (kis m\u00f3dos\u00edt\u00e1ssal \u00fajra kiadott verzi\u00f3ja) van, \u00e9rdemes pr\u00f3b\u00e1lgatni \u0151ket. Megjelent a Naturelle-verzi\u00f3ja is, ebben sokkal t\u00f6bb a term\u00e9szetes \u00f6sszetev\u0151. <\/p>\n\n\n<div class=\"wp-block-image\">\n<figure class=\"aligncenter size-large is-resized\"><img decoding=\"async\" src=\"https:\/\/www.agillat.com\/wp-content\/uploads\/2022\/05\/20220527_123006-edited.jpg\" alt=\"\" class=\"wp-image-544\" width=\"292\" srcset=\"https:\/\/www.agillat.com\/wp-content\/uploads\/2022\/05\/20220527_123006-edited.jpg 1960w, https:\/\/www.agillat.com\/wp-content\/uploads\/2022\/05\/20220527_123006-edited-300x300.jpg 300w, https:\/\/www.agillat.com\/wp-content\/uploads\/2022\/05\/20220527_123006-edited-1024x1024.jpg 1024w, https:\/\/www.agillat.com\/wp-content\/uploads\/2022\/05\/20220527_123006-edited-150x150.jpg 150w, https:\/\/www.agillat.com\/wp-content\/uploads\/2022\/05\/20220527_123006-edited-768x769.jpg 768w, https:\/\/www.agillat.com\/wp-content\/uploads\/2022\/05\/20220527_123006-edited-1534x1536.jpg 1534w, https:\/\/www.agillat.com\/wp-content\/uploads\/2022\/05\/20220527_123006-edited-435x435.jpg 435w, https:\/\/www.agillat.com\/wp-content\/uploads\/2022\/05\/20220527_123006-edited-60x60.jpg 60w\" sizes=\"(max-width: 1960px) 100vw, 1960px\" \/><figcaption>Chlo\u00e9 edp<\/figcaption><\/figure>\n<\/div>\n\n\n<p><strong>Herm\u00e9s Hermessence Rose ikebana<\/strong>: Ez az illat a Herm\u00e9s el\u0151kel\u0151 \u00fczleteiben kaphat\u00f3. M\u00e9g soha nem siker\u00fclt annyi b\u00e1tors\u00e1got \u00f6sszegy\u0171jtenem, hogy bel\u00e9pjek egy ilyen eleg\u00e1ns \u00fczletbe. Egyszer tal\u00e1n online megrendelem. \ud83d\ude42 Mint\u00e1t v\u00e1s\u00e1roltam kor\u00e1bban bel\u0151le, \u00e9s teljesen elvar\u00e1zsolt. Citrusos, enyh\u00e9n gy\u00fcm\u00f6lcs\u00f6s r\u00f3zsaillat. K\u00f6nnyed, l\u00e9gies, nagyon finoman eleg\u00e1ns. Nem hars\u00e1ny, egy\u00e1ltal\u00e1n nem tolakod\u00f3. \u00cdgy k\u00e9pzelek el egy el\u0151kel\u0151 n\u0151t. Nem akar uralni, de stabilan, megker\u00fclhetetlen\u00fcl ott van. Az \u00e1r\u00e1t sokallom, szerintem ebben az esetben a nevet kell els\u0151sorban megfizetni. <\/p>\n\n\n<div class=\"wp-block-image\">\n<figure class=\"aligncenter size-large is-resized\"><img loading=\"lazy\" decoding=\"async\" src=\"https:\/\/www.agillat.com\/wp-content\/uploads\/2022\/05\/rose-ikebana-1024x1024.jpg\" alt=\"\" class=\"wp-image-531\" width=\"365\" height=\"365\" srcset=\"https:\/\/www.agillat.com\/wp-content\/uploads\/2022\/05\/rose-ikebana-1024x1024.jpg 1024w, https:\/\/www.agillat.com\/wp-content\/uploads\/2022\/05\/rose-ikebana-300x300.jpg 300w, https:\/\/www.agillat.com\/wp-content\/uploads\/2022\/05\/rose-ikebana-150x150.jpg 150w, https:\/\/www.agillat.com\/wp-content\/uploads\/2022\/05\/rose-ikebana-768x768.jpg 768w, https:\/\/www.agillat.com\/wp-content\/uploads\/2022\/05\/rose-ikebana-435x435.jpg 435w, https:\/\/www.agillat.com\/wp-content\/uploads\/2022\/05\/rose-ikebana-60x60.jpg 60w, https:\/\/www.agillat.com\/wp-content\/uploads\/2022\/05\/rose-ikebana.jpg 1100w\" sizes=\"auto, (max-width: 365px) 100vw, 365px\" \/><figcaption><a href=\"https:\/\/www.hermes.com\/us\/en\/product\/rose-ikebana-eau-de-toilette-V38167\/\" data-type=\"URL\" data-id=\"https:\/\/www.hermes.com\/us\/en\/product\/rose-ikebana-eau-de-toilette-V38167\/\" target=\"_blank\" rel=\"noreferrer noopener\">Hermessence Rose ikebana<\/a><\/figcaption><\/figure>\n<\/div>\n\n\n<p><strong>Juliette has a gun Lady vengeance<\/strong>: A r\u00f3zsa ebben a parf\u00fcmben eg\u00e9szen m\u00e1s arc\u00e1t mutatja, mint a fentiek nagy r\u00e9sz\u00e9ben. Nem k\u00f6nnyeden, l\u00e1gyan, hanem testesen, hat\u00e1rozottan n\u0151ies. A parf\u00fcm orra, k\u00e9sz\u00edt\u0151je ugyanaz a Maison Francis Kurkdjian, akinek napjaink ikonikus, n\u00e9pszer\u0171 illat\u00e1t, a Baccarat rouge 540-et is k\u00f6sz\u00f6nhetj\u00fck. Nagyon tart\u00f3s, jelent\u0151s sillage-\u00fa parf\u00fcm, m\u00e9g a szexi jelz\u0151t is megkock\u00e1ztatom. R\u00f3zsa, levendula, pacsuli j\u00e1t\u00e9ka. Nagyon j\u00f3l siker\u00fclt alkot\u00e1s.<\/p>\n\n\n<div class=\"wp-block-image\">\n<figure class=\"aligncenter size-full is-resized\"><img loading=\"lazy\" decoding=\"async\" src=\"https:\/\/www.agillat.com\/wp-content\/uploads\/2022\/05\/ladyvengeance.jpg\" alt=\"\" class=\"wp-image-541\" width=\"270\" height=\"360\" srcset=\"https:\/\/www.agillat.com\/wp-content\/uploads\/2022\/05\/ladyvengeance.jpg 375w, https:\/\/www.agillat.com\/wp-content\/uploads\/2022\/05\/ladyvengeance-225x300.jpg 225w, https:\/\/www.agillat.com\/wp-content\/uploads\/2022\/05\/ladyvengeance-45x60.jpg 45w\" sizes=\"auto, (max-width: 270px) 100vw, 270px\" \/><figcaption><a href=\"https:\/\/www.fragrantica.com\/perfume\/Juliette-Has-A-Gun\/Lady-Vengeance-1715.html\" data-type=\"URL\" data-id=\"https:\/\/www.fragrantica.com\/perfume\/Juliette-Has-A-Gun\/Lady-Vengeance-1715.html\" target=\"_blank\" rel=\"noreferrer noopener\">Lady vengeance<\/a><\/figcaption><\/figure>\n<\/div>\n\n\n<p><strong>Juliette has a gun Miss charming<\/strong>: Az alkot\u00f3 ugyanaz, mint a Lady vengeance-n\u00e1l, de ez a parf\u00fcm visszafogottabb, nem egy d\u00e1ma, hanem egy fiatalabb hercegn\u0151. A litchi, az erdei gy\u00fcm\u00f6lcs\u00f6k, az eper \u00e9s a m\u00f3susz sokat k\u00f6nny\u00edt, l\u00e1gy\u00edt a marokk\u00f3i r\u00f3zs\u00e1n, finoman eleg\u00e1nss\u00e1 t\u00e9ve azt. Kicsit szappanosnak is \u00e9rz\u0151dik. <\/p>\n\n\n<div class=\"wp-block-image\">\n<figure class=\"aligncenter size-full is-resized\"><img loading=\"lazy\" decoding=\"async\" src=\"https:\/\/www.agillat.com\/wp-content\/uploads\/2022\/05\/misscharming.jpg\" alt=\"\" class=\"wp-image-539\" width=\"293\" height=\"390\" srcset=\"https:\/\/www.agillat.com\/wp-content\/uploads\/2022\/05\/misscharming.jpg 375w, https:\/\/www.agillat.com\/wp-content\/uploads\/2022\/05\/misscharming-225x300.jpg 225w, https:\/\/www.agillat.com\/wp-content\/uploads\/2022\/05\/misscharming-45x60.jpg 45w\" sizes=\"auto, (max-width: 293px) 100vw, 293px\" \/><figcaption><a href=\"https:\/\/www.fragrantica.com\/perfume\/Juliette-Has-A-Gun\/Miss-Charming-1714.html\" data-type=\"URL\" data-id=\"https:\/\/www.fragrantica.com\/perfume\/Juliette-Has-A-Gun\/Miss-Charming-1714.html\" target=\"_blank\" rel=\"noreferrer noopener\">Miss charming<\/a><\/figcaption><\/figure>\n<\/div>\n\n\n<p><strong>Tresor La Nuit Tresor<\/strong>: \u00c9des, karamell\u00e1s, meleg, f\u0171szeres esti\/alkalmi illat. Hihetetlen\u00fcl vonz\u00f3, n\u0151ies parf\u00fcm, sok b\u00f3kot bezsebeltem m\u00e1r, mikor viseltem, n\u0151kt\u0151l, f\u00e9rfiakt\u00f3l egyar\u00e1nt. <\/p>\n\n\n<div class=\"wp-block-image\">\n<figure class=\"aligncenter size-large is-resized\"><img loading=\"lazy\" decoding=\"async\" src=\"https:\/\/www.agillat.com\/wp-content\/uploads\/2022\/05\/20220527_122939-498x1024.jpg\" alt=\"\" class=\"wp-image-551\" width=\"256\" height=\"526\" srcset=\"https:\/\/www.agillat.com\/wp-content\/uploads\/2022\/05\/20220527_122939-498x1024.jpg 498w, https:\/\/www.agillat.com\/wp-content\/uploads\/2022\/05\/20220527_122939-146x300.jpg 146w, https:\/\/www.agillat.com\/wp-content\/uploads\/2022\/05\/20220527_122939-768x1580.jpg 768w, https:\/\/www.agillat.com\/wp-content\/uploads\/2022\/05\/20220527_122939-747x1536.jpg 747w, https:\/\/www.agillat.com\/wp-content\/uploads\/2022\/05\/20220527_122939-996x2048.jpg 996w, https:\/\/www.agillat.com\/wp-content\/uploads\/2022\/05\/20220527_122939-29x60.jpg 29w, https:\/\/www.agillat.com\/wp-content\/uploads\/2022\/05\/20220527_122939-scaled.jpg 1244w\" sizes=\"auto, (max-width: 256px) 100vw, 256px\" \/><figcaption>La Nuit Tresor<\/figcaption><\/figure>\n<\/div>\n\n\n<p><strong>Robert Piguet Fracas<\/strong>: Ez a plusz 1, mert nem r\u00f3zs\u00e1s, hanem tubar\u00f3zs\u00e1s, feh\u00e9r vir\u00e1gos var\u00e1zslat. Ritk\u00e1n viselem, mert sz\u00e1momra alkalom kell a f\u00faj\u00e1s\u00e1hoz. Er\u0151teljes, hat\u00e1rozott illat, uralkod\u00f3 jegyekkel. Megd\u00f6bbentett, mikor megtudtam, hogy 1948-ban k\u00e9sz\u00fclt, ugyanis id\u0151tlen, modern illat. 2006-ban megkapta a &#8222;parf\u00fcm-Oscart&#8221;: a FiFi Award Hall of flame-d\u00edj\u00e1t. Leny\u0171g\u00f6z\u0151, eleg\u00e1ns parf\u00fcmr\u0151l van sz\u00f3, gazdag, tartalmas, visel\u0151je nem tud \u00e9szrev\u00e9tlen maradni. Madonna egyik kedvenc illata, saj\u00e1t, Truth or dare parf\u00fcmj\u00e9nek is ez volt az ihlet\u0151je.<\/p>\n\n\n<div class=\"wp-block-image\">\n<figure class=\"aligncenter size-full\"><img loading=\"lazy\" decoding=\"async\" width=\"103\" height=\"350\" src=\"https:\/\/www.agillat.com\/wp-content\/uploads\/2022\/05\/robert-piguet-fracas.jpg\" alt=\"\" class=\"wp-image-533\" srcset=\"https:\/\/www.agillat.com\/wp-content\/uploads\/2022\/05\/robert-piguet-fracas.jpg 103w, https:\/\/www.agillat.com\/wp-content\/uploads\/2022\/05\/robert-piguet-fracas-88x300.jpg 88w, https:\/\/www.agillat.com\/wp-content\/uploads\/2022\/05\/robert-piguet-fracas-18x60.jpg 18w\" sizes=\"auto, (max-width: 103px) 100vw, 103px\" \/><figcaption><a href=\"https:\/\/www.notino.ch\/robert-piguet\/fracas-eau-de-parfum-fur-damen\/p-414465\/\" data-type=\"URL\" data-id=\"https:\/\/www.notino.ch\/robert-piguet\/fracas-eau-de-parfum-fur-damen\/p-414465\/\" target=\"_blank\" rel=\"noreferrer noopener\">Fracas<\/a><\/figcaption><\/figure>\n<\/div>","protected":false},"excerpt":{"rendered":"<p>Ennek a bejegyz\u00e9snek az \u00edr\u00e1sa k\u00f6zben d\u00f6bbentem r\u00e1, hogy b\u00e1r asztrol\u00f3giai szempontb\u00f3l a V\u00e9nusz az uralkod\u00f3 bolyg\u00f3m- ami a r\u00f3zs\u00e1hoz kapcsolhat\u00f3-, m\u00e9gis alig van r\u00f3zsa-domin\u00e1ns parf\u00fcm a polcomon. A legt\u00f6bb illat az al\u00e1bbiak k\u00f6z\u00fcl csup\u00e1n a k\u00edv\u00e1ns\u00e1glist\u00e1mon szerepel, \u00e9s illatmint\u00e1t \u0151rizgetek bel\u0151l\u00fck. Ideje lenne ezen v\u00e1ltoztatni, megv\u00e1s\u00e1rolni legal\u00e1bb n\u00e9h\u00e1nyat k\u00f6z\u00fcl\u00fck. \ud83d\ude42 YSL Paris edt: Az &hellip; <\/p>\n","protected":false},"author":1,"featured_media":561,"comment_status":"open","ping_status":"open","sticky":false,"template":"","format":"standard","meta":{"footnotes":""},"categories":[8],"tags":[],"class_list":["post-385","post","type-post","status-publish","format-standard","has-post-thumbnail","hentry","category-blog"],"_links":{"self":[{"href":"https:\/\/www.agillat.com\/index.php?rest_route=\/wp\/v2\/posts\/385","targetHints":{"allow":["GET"]}}],"collection":[{"href":"https:\/\/www.agillat.com\/index.php?rest_route=\/wp\/v2\/posts"}],"about":[{"href":"https:\/\/www.agillat.com\/index.php?rest_route=\/wp\/v2\/types\/post"}],"author":[{"embeddable":true,"href":"https:\/\/www.agillat.com\/index.php?rest_route=\/wp\/v2\/users\/1"}],"replies":[{"embeddable":true,"href":"https:\/\/www.agillat.com\/index.php?rest_route=%2Fwp%2Fv2%2Fcomments&post=385"}],"version-history":[{"count":69,"href":"https:\/\/www.agillat.com\/index.php?rest_route=\/wp\/v2\/posts\/385\/revisions"}],"predecessor-version":[{"id":567,"href":"https:\/\/www.agillat.com\/index.php?rest_route=\/wp\/v2\/posts\/385\/revisions\/567"}],"wp:featuredmedia":[{"embeddable":true,"href":"https:\/\/www.agillat.com\/index.php?rest_route=\/wp\/v2\/media\/561"}],"wp:attachment":[{"href":"https:\/\/www.agillat.com\/index.php?rest_route=%2Fwp%2Fv2%2Fmedia&parent=385"}],"wp:term":[{"taxonomy":"category","embeddable":true,"href":"https:\/\/www.agillat.com\/index.php?rest_route=%2Fwp%2Fv2%2Fcategories&post=385"},{"taxonomy":"post_tag","embeddable":true,"href":"https:\/\/www.agillat.com\/index.php?rest_route=%2Fwp%2Fv2%2Ftags&post=385"}],"curies":[{"name":"wp","href":"https:\/\/api.w.org\/{rel}","templated":true}]}}