{"id":381,"date":"2022-05-26T19:00:00","date_gmt":"2022-05-26T19:00:00","guid":{"rendered":"https:\/\/www.agillat.com\/?p=381"},"modified":"2022-05-27T07:24:19","modified_gmt":"2022-05-27T07:24:19","slug":"parfummarka-rozsara-alapozva","status":"publish","type":"post","link":"https:\/\/www.agillat.com\/?p=381","title":{"rendered":"Parf\u00fcmm\u00e1rka r\u00f3zs\u00e1ra alapozva"},"content":{"rendered":"\n<p>Egy marketing szak\u00e9rt\u0151vel besz\u00e9lgetve, ha az hangzana el, hogy &#8222;parf\u00fcm\u00f6ket szeretn\u00e9k kompon\u00e1lni, mindnek a r\u00f3zsa lesz a f\u0151 mot\u00edvuma&#8221;, val\u00f3sz\u00edn\u0171leg azt mondan\u00e1, hogy gondoljam \u00e1t \u00fajra. \ud83d\ude42 Marie-Helene Rogeonnak vagy nem mondt\u00e1k ezt, vagy nem hallgatott senkire, 1991-ben megalap\u00edtotta a <a rel=\"noreferrer noopener\" href=\"https:\/\/www.les-parfums-de-rosine.com\/index.php\" data-type=\"URL\" data-id=\"https:\/\/www.les-parfums-de-rosine.com\/index.php\" target=\"_blank\">Les Parfums de Rosine<\/a> niche parf\u00fcmm\u00e1rk\u00e1t. \u00c9s milyen j\u00f3l tette! Parf\u00fcmk\u00e9sz\u00edt\u0151 csal\u00e1dba sz\u00fcletett, \u0151sei m\u00e1r a XVII. sz\u00e1zadban is ezzel foglalkoztak. Dolgozott a Givenchy-n\u00e9l \u00e9s a Balmain-n\u00e1l, miel\u0151tt a saj\u00e1t \u00fatj\u00e1t kezdte j\u00e1rni. A r\u00f3zs\u00e1k a szenved\u00e9lye, kollekci\u00f3ja ez\u00e9rt r\u00f3zsaparf\u00fcm\u00f6kb\u0151l \u00e1ll. <\/p>\n\n\n\n<p>&#8222;&#8230;im\u00e1dok r\u00f3zsav\u00edzzel, r\u00f3zsa ill\u00f3olajjal \u00e9s r\u00f3zsaabszol\u00fattal dolgozni, ezek elk\u00e9peszt\u0151 parf\u00fcmanyagok, ez a legjobb, amit az illatszeriparban haszn\u00e1lhatunk.&nbsp;\u00c9s tudod, hogy a r\u00f3zs\u00e1t nagyon k\u00f6nny\u0171 b\u00e1rmilyen m\u00e1s parf\u00fcm \u00f6sszetev\u0151vel kombin\u00e1lni.&nbsp;Ha b\u00e1rmely parf\u00fcmformul\u00e1ba r\u00f3zsa-abszol\u00fatot vagy r\u00f3zsaesszenci\u00e1t adunk, az azonnal vir\u00e1gozni kezd, \u00fagy t\u0171nik, hogy a r\u00f3zsa minden formul\u00e1t \u00e9letre kelt.&#8221;- nyilatkozta egy vele k\u00e9sz\u00fclt <a rel=\"noreferrer noopener\" href=\"https:\/\/www.fragrantica.com\/news\/Interview-with-Marie-Helene-Rogeon-of-Les-Parfums-de-Rosine-10846.html\" data-type=\"URL\" data-id=\"https:\/\/www.fragrantica.com\/news\/Interview-with-Marie-Helene-Rogeon-of-Les-Parfums-de-Rosine-10846.html\" target=\"_blank\">interj\u00faban<\/a>.<\/p>\n\n\n<div class=\"wp-block-image\">\n<figure class=\"aligncenter size-full is-resized\"><img loading=\"lazy\" decoding=\"async\" src=\"https:\/\/www.agillat.com\/wp-content\/uploads\/2022\/05\/mariehelene.jpg\" alt=\"\" class=\"wp-image-403\" width=\"262\" height=\"350\" srcset=\"https:\/\/www.agillat.com\/wp-content\/uploads\/2022\/05\/mariehelene.jpg 350w, https:\/\/www.agillat.com\/wp-content\/uploads\/2022\/05\/mariehelene-225x300.jpg 225w, https:\/\/www.agillat.com\/wp-content\/uploads\/2022\/05\/mariehelene-45x60.jpg 45w\" sizes=\"auto, (max-width: 262px) 100vw, 262px\" \/><figcaption><a href=\"https:\/\/www.les-parfums-de-rosine.com\/index.php?id_cms=6&amp;controller=cms&amp;id_lang=4\" data-type=\"URL\" data-id=\"https:\/\/www.les-parfums-de-rosine.com\/index.php?id_cms=6&amp;controller=cms&amp;id_lang=4\" target=\"_blank\" rel=\"noreferrer noopener\">Marie-Helene Rogeon<\/a><\/figcaption><\/figure>\n<\/div>\n\n\n<p>Ahhoz, hogy min\u00e9l t\u00f6bb illat\u00e1t ki tudjam pr\u00f3b\u00e1lni, rendeltem egy mintacsomagot, ami eleg\u00e1ns szalaggal \u00e1tk\u00f6tve, selyempap\u00edrba csomagolva \u00e9rkezett. 12 darab 2 ml-es illatmint\u00e1t tartalmaz a v\u00e1logat\u00e1s, 3 kiv\u00e9tel\u00e9vel f\u00faj\u00f3s kis \u00fcvegekben \u00e9rkeztek. Az al\u00e1bbiak az \u00e9n szem\u00e9lyes \u00e9lm\u00e9nyeimet t\u00fckr\u00f6zik, minden b\u0151r m\u00e1s, az illatok is k\u00fcl\u00f6nb\u00f6z\u0151k\u00e9ppen bontakoznak ki. F\u00fcggetlen\u00fcl a v\u00e9lem\u00e9nyemt\u0151l, tegy\u00e9l b\u00e1tran pr\u00f3b\u00e1t vel\u00fck!<\/p>\n\n\n<div class=\"wp-block-image\">\n<figure class=\"aligncenter size-large is-resized\"><img decoding=\"async\" src=\"https:\/\/www.agillat.com\/wp-content\/uploads\/2022\/05\/20220522_151745-1024x638.jpg\" alt=\"\" class=\"wp-image-465\" width=\"-250\" height=\"-155\" srcset=\"https:\/\/www.agillat.com\/wp-content\/uploads\/2022\/05\/20220522_151745-1024x638.jpg 1024w, https:\/\/www.agillat.com\/wp-content\/uploads\/2022\/05\/20220522_151745-300x187.jpg 300w, https:\/\/www.agillat.com\/wp-content\/uploads\/2022\/05\/20220522_151745-768x478.jpg 768w, https:\/\/www.agillat.com\/wp-content\/uploads\/2022\/05\/20220522_151745-1536x957.jpg 1536w, https:\/\/www.agillat.com\/wp-content\/uploads\/2022\/05\/20220522_151745-2048x1276.jpg 2048w, https:\/\/www.agillat.com\/wp-content\/uploads\/2022\/05\/20220522_151745-320x200.jpg 320w, https:\/\/www.agillat.com\/wp-content\/uploads\/2022\/05\/20220522_151745-96x60.jpg 96w\" sizes=\"(max-width: 1024px) 100vw, 1024px\" \/><\/figure>\n<\/div>\n\n\n<p><strong>La Rose de Rosine<\/strong>: tavaszi vir\u00e1gcsokor, de nem l\u00e1gy \u00e9s friss, ink\u00e1bb telt illat. A r\u00f3zsa kif\u00faj\u00e1skor domin\u00e1ns, de gyorsan \u00e1tveszi az uralmat a t\u00f6bbi vir\u00e1g &#8211; ibolya, ylang-ylang, j\u00e1zmin, \u00edrisz. Sz\u00e1momra t\u00fal sok a vir\u00e1g\u00f6z\u00f6n. <\/p>\n\n\n\n<p><strong>Rose d&#8217;Ete<\/strong>: finom, l\u00e1gy r\u00f3zsa, gy\u00fcm\u00f6lcs\u00f6s, vir\u00e1gos jegyekkel. Ny\u00e1ri friss\u00edt\u0151 alma, a vir\u00e1gok is l\u00e1gyabb jegy\u0171ek benne (l\u00f3tusz, mim\u00f3za). Lenge szell\u0151. Nagyon finom.<\/p>\n\n\n\n<p><strong>Roseberry<\/strong>: Ha szereted a feketeribizlit \u00e9s a gy\u00fcm\u00f6lcs\u00f6s jegyeket, akkor ezzel az illattal mindenk\u00e9pp \u00e9rdemes egy pr\u00f3b\u00e1t tenned. Nekem ett\u0151l a parf\u00fcmh\u00e1zt\u00f3l ez a parf\u00fcm a kedvencem. Friss, vizes jegyek jellemzik, nem kirobban\u00f3an gy\u00fcm\u00f6lcs\u00f6s, hanem visszafogottan eleg\u00e1ns.<\/p>\n\n\n\n<p><strong>Mon Amie La Rose<\/strong>: kif\u00faj\u00e1skor friss\u00edt\u0151 citrusos tea, z\u00f6ld jegyek \u00e9s finoman megb\u00fav\u00f3 r\u00f3zsa, j\u00e1zmin. Tavaszra, ny\u00e1rra igazi felfriss\u00fcl\u00e9st ny\u00fajt.<\/p>\n\n\n\n<p><strong>Rose Griotte<\/strong>: \u00e9des, p\u00faderes, mandarinos vir\u00e1gillat. Az \u00e9dess\u00e9ge ellen\u00e9re nem gourmand illat, hanem friss. <\/p>\n\n\n\n<p><strong>Rose Nue<\/strong>: Ezt az illatot ink\u00e1bb \u0151szre vagy t\u00e9lre javasoln\u00e1m, p\u00faderes, er\u0151teljes m\u00f3suszos illat. Sz\u00e1momra hasonl\u00edt a r\u00e9gi arcp\u00faderek illat\u00e1ra. Lesz\u00e1rad\u00e1s ut\u00e1n kiss\u00e9 megszel\u00edd\u00fcl, finoman k\u00f6r\u00fcl\u00f6lel a p\u00e9zsma, ett\u0151l f\u00fcggetlen\u00fcl \u00fagy \u00e9rzem, hogy ez nem az \u00e9n illatom.<\/p>\n\n\n\n<p><strong>Vive la Mari\u00e9e<\/strong>: \u00c9ljen a menyasszony! Vir\u00e1gos, gy\u00fcm\u00f6lcs\u00f6s illat gourmand jegyekkel. Friss illat, de nem az a l\u00e1gy elr\u00f6ppen\u0151, hanem az eml\u00e9kezetes fajta. Els\u0151 szippant\u00e1sra azt mondtam &#8222;hmm, ez \u00e9rdekes!&#8221;, majd t\u00f6bbsz\u00f6r is \u00fajra az orromhoz emeltem. T\u00e9nyleg el tudom k\u00e9pzelni egy menyasszonyon. Nem uralja le a k\u00f6rnyezet\u00e9t, de maradand\u00f3 \u00e9lm\u00e9nyt ad. <\/p>\n\n\n\n<p><strong>Le Muguet de Rosine<\/strong>: gy\u00f6ngyvir\u00e1gos, finom r\u00f3zsaillat. H\u0171, ez nagyon n\u0151ies! A k\u00f6rte ad neki egy kis \u00e9dess\u00e9get, de nem tocsog a cukorban. <\/p>\n\n\n\n<p><strong>Ballerina N\u00b03<\/strong>: A r\u00f3zsa ebben az illatban m\u00e1sik arc\u00e1t mutatja meg- mert olyan is van \u00e1m neki ;)). Nem a finom, l\u00e1gy, n\u0151iest, hanem a tart\u00e1st, tekint\u00e9lyt ad\u00f3t. Ez a f\u00e1s, \u00e1mbr\u00e1s, oud-os illat remek v\u00e1laszt\u00e1s lehet \u0151sszel \u00e9s t\u00e9len. F\u00e9rfiakon is el tudom k\u00e9pzelni.<\/p>\n\n\n\n<p><strong>Lesnob N\u00b0II<\/strong>: Tov\u00e1bbhaladva az el\u0151bb megkezdett vonalon jutunk el ehhez a f\u00e1s, vetiveres illathoz, ami sz\u00e1momra szint\u00e9n egy hat\u00e1rozott, f\u00e9rfiak \u00e1ltal is b\u00e1tran viselhet\u0151 illat. Kiss\u00e9 tal\u00e1n visszafogottabb, mint a Ballerina N\u00b03, de ez semmit nem von le az \u00e9rt\u00e9k\u00e9b\u0151l.<\/p>\n\n\n\n<p><strong>Les Extravagants<\/strong>: <strong>Eloge du Vert.<\/strong> Kif\u00faj\u00e1skor friss, f\u00e1s-f\u0171szeres illat, mely k\u00e9s\u0151bb meleg-f\u0171szeress\u00e9 alakul. Bors \u00e9s c\u00e9drus meglep\u0151 j\u00e1t\u00e9ka. Sz\u00e1momra egy eleg\u00e1ns, leny\u0171g\u00f6z\u0151, alkalmi f\u00e9rfiillat. <\/p>\n\n\n\n<p><strong>Les Extravagants: Vanille Paradoxe<\/strong>: Ha a n\u00e9vb\u0151l egy gourmand, \u00e9des illatra asszoci\u00e1lsz, akkor ez esetben t\u00e9vedsz. A van\u00edlia rozmaringgal \u00e9s kardamommal \u00f6tv\u00f6zve egy alapvet\u0151en f\u0171szeres illatot eredm\u00e9nyez, ami a b\u0151r\u00f6m\u00f6n meglehet\u0151sen f\u00e9rfias hat\u00e1st k\u00f6lcs\u00f6n\u00f6z. \u0150sszel-t\u00e9len finoman k\u00f6r\u00fcl\u00f6leli a b\u0151rt, f\u00e9rfiaknak aj\u00e1nlom kipr\u00f3b\u00e1l\u00e1sra.<\/p>\n\n\n\n<p>Ebb\u0151l a csomagb\u00f3l \u00f6sszesen csak 2 olyan illat volt, amit nem venn\u00e9k meg (La Rose de Rosine \u00e9s Rose Nue), szerintem ez j\u00f3 ar\u00e1ny. Ha kedvet kapt\u00e1l a kipr\u00f3b\u00e1l\u00e1sukhoz, s\u00e9t\u00e1lj be a <a rel=\"noreferrer noopener\" href=\"https:\/\/leparfum.hu\/\" data-type=\"URL\" data-id=\"https:\/\/leparfum.hu\/\" target=\"_blank\">Le Parfum<\/a>-be Budapesten, vagy rendeld meg a mint\u00e1kat <a rel=\"noreferrer noopener\" href=\"https:\/\/www.les-parfums-de-rosine.com\/index.php?id_category=52&amp;controller=category&amp;id_lang=4\" data-type=\"URL\" data-id=\"https:\/\/www.les-parfums-de-rosine.com\/index.php?id_category=52&amp;controller=category&amp;id_lang=4\" target=\"_blank\">innen<\/a>. <\/p>\n\n\n\n<p><\/p>\n","protected":false},"excerpt":{"rendered":"<p>Egy marketing szak\u00e9rt\u0151vel besz\u00e9lgetve, ha az hangzana el, hogy &#8222;parf\u00fcm\u00f6ket szeretn\u00e9k kompon\u00e1lni, mindnek a r\u00f3zsa lesz a f\u0151 mot\u00edvuma&#8221;, val\u00f3sz\u00edn\u0171leg azt mondan\u00e1, hogy gondoljam \u00e1t \u00fajra. \ud83d\ude42 Marie-Helene Rogeonnak vagy nem mondt\u00e1k ezt, vagy nem hallgatott senkire, 1991-ben megalap\u00edtotta a Les Parfums de Rosine niche parf\u00fcmm\u00e1rk\u00e1t. \u00c9s milyen j\u00f3l tette! Parf\u00fcmk\u00e9sz\u00edt\u0151 csal\u00e1dba sz\u00fcletett, \u0151sei m\u00e1r &hellip; <\/p>\n","protected":false},"author":1,"featured_media":465,"comment_status":"open","ping_status":"open","sticky":false,"template":"","format":"standard","meta":{"footnotes":""},"categories":[8],"tags":[],"class_list":["post-381","post","type-post","status-publish","format-standard","has-post-thumbnail","hentry","category-blog"],"_links":{"self":[{"href":"https:\/\/www.agillat.com\/index.php?rest_route=\/wp\/v2\/posts\/381","targetHints":{"allow":["GET"]}}],"collection":[{"href":"https:\/\/www.agillat.com\/index.php?rest_route=\/wp\/v2\/posts"}],"about":[{"href":"https:\/\/www.agillat.com\/index.php?rest_route=\/wp\/v2\/types\/post"}],"author":[{"embeddable":true,"href":"https:\/\/www.agillat.com\/index.php?rest_route=\/wp\/v2\/users\/1"}],"replies":[{"embeddable":true,"href":"https:\/\/www.agillat.com\/index.php?rest_route=%2Fwp%2Fv2%2Fcomments&post=381"}],"version-history":[{"count":67,"href":"https:\/\/www.agillat.com\/index.php?rest_route=\/wp\/v2\/posts\/381\/revisions"}],"predecessor-version":[{"id":478,"href":"https:\/\/www.agillat.com\/index.php?rest_route=\/wp\/v2\/posts\/381\/revisions\/478"}],"wp:featuredmedia":[{"embeddable":true,"href":"https:\/\/www.agillat.com\/index.php?rest_route=\/wp\/v2\/media\/465"}],"wp:attachment":[{"href":"https:\/\/www.agillat.com\/index.php?rest_route=%2Fwp%2Fv2%2Fmedia&parent=381"}],"wp:term":[{"taxonomy":"category","embeddable":true,"href":"https:\/\/www.agillat.com\/index.php?rest_route=%2Fwp%2Fv2%2Fcategories&post=381"},{"taxonomy":"post_tag","embeddable":true,"href":"https:\/\/www.agillat.com\/index.php?rest_route=%2Fwp%2Fv2%2Ftags&post=381"}],"curies":[{"name":"wp","href":"https:\/\/api.w.org\/{rel}","templated":true}]}}