{"id":221,"date":"2022-04-24T15:11:00","date_gmt":"2022-04-24T15:11:00","guid":{"rendered":"https:\/\/www.agillat.com\/?p=221"},"modified":"2022-04-24T15:11:37","modified_gmt":"2022-04-24T15:11:37","slug":"parfumjavaslatok-napszak-alkalom-szerint","status":"publish","type":"post","link":"https:\/\/www.agillat.com\/?p=221","title":{"rendered":"Parf\u00fcmjavaslatok napszak, alkalom szerint"},"content":{"rendered":"\n<p>A kor\u00e1bbi bejegyz\u00e9sben sz\u00f3 volt arr\u00f3l, (legal\u00e1bb) h\u00e1ny illatb\u00f3l \u00e9rdemes \u00e1llnia egy illatgardr\u00f3bnak. N\u00e9zz\u00fck most r\u00e9szletesen, mik is lehetnek ezek:<\/p>\n\n\n\n<ul class=\"wp-block-list\"><li>A gimiben volt egy oroszt tan\u00edt\u00f3 tan\u00e1rn\u0151, aki, ha elment a folyos\u00f3n, olyan illatcs\u00edkot h\u00fazott maga ut\u00e1n, hogy m\u00e9g f\u00e9l \u00f3ra m\u00falva is \u00e9rezhet\u0151 volt. R\u00e1ad\u00e1sul egy nagyon er\u0151s, fekete borsos parf\u00fcm volt, m\u00edg \u00e9lek, nem felejtem el. Szerintem az \u00f3ra v\u00e9g\u00e9re komoly fejf\u00e1j\u00e1st kaptak a tan\u00edtv\u00e1nyai. <strong>Napk\u00f6zben<\/strong> teh\u00e1t <strong>olyan illatot v\u00e1lassz, ami nem t\u00fal er\u0151s,<\/strong> nem zavarja a k\u00f6zeledben dolgoz\u00f3kat. Ugyanezt javaslom \u00e1ll\u00e1sinterj\u00fa eset\u00e9n is. Az sem baj, ha nem annyira tart\u00f3s, a t\u00e1sk\u00e1ba bedobva \u00fajraf\u00fajhat\u00f3. Azt \u00e9rdemes szem el\u0151tt tartani, hogy az orrunk hozz\u00e1szokik az adott illathoz, teh\u00e1t el\u0151fordulhat, hogy mi m\u00e1r nem is \u00e9rezz\u00fck a parf\u00fcm\u00fcnket, de a k\u00f6rnyezet\u00fcnk igen. Ha ilyenkor felfriss\u00edtj\u00fck, \u00fajraf\u00fajjuk az illatot, t\u00fal er\u0151ss\u00e9 v\u00e1lhat, zavarhatja a k\u00f6r\u00fcl\u00f6tt\u00fcnk l\u00e9v\u0151ket.  Az \u00e9n v\u00e1laszt\u00e1saim:<\/li><\/ul>\n\n\n\n<div class=\"wp-block-image\"><figure class=\"aligncenter size-large is-resized\"><img loading=\"lazy\" decoding=\"async\" src=\"https:\/\/www.agillat.com\/wp-content\/uploads\/2022\/04\/Modern-Neutral-Professional-Photo-Collage-1024x819.jpg\" alt=\"\" class=\"wp-image-247\" width=\"515\" height=\"411\" srcset=\"https:\/\/www.agillat.com\/wp-content\/uploads\/2022\/04\/Modern-Neutral-Professional-Photo-Collage-1024x819.jpg 1024w, https:\/\/www.agillat.com\/wp-content\/uploads\/2022\/04\/Modern-Neutral-Professional-Photo-Collage-300x240.jpg 300w, https:\/\/www.agillat.com\/wp-content\/uploads\/2022\/04\/Modern-Neutral-Professional-Photo-Collage-768x614.jpg 768w, https:\/\/www.agillat.com\/wp-content\/uploads\/2022\/04\/Modern-Neutral-Professional-Photo-Collage-1536x1229.jpg 1536w, https:\/\/www.agillat.com\/wp-content\/uploads\/2022\/04\/Modern-Neutral-Professional-Photo-Collage-75x60.jpg 75w, https:\/\/www.agillat.com\/wp-content\/uploads\/2022\/04\/Modern-Neutral-Professional-Photo-Collage.jpg 2000w\" sizes=\"auto, (max-width: 515px) 100vw, 515px\" \/><\/figure><\/div>\n\n\n\n<ul class=\"wp-block-list\"><li><strong>Est\u00e9re, randev\u00fara, sz\u00ednh\u00e1zba, k\u00fcl\u00f6nleges esem\u00e9nyekre<\/strong>: Ilyen alkalmakra nyugodtan f\u00fajhatsz <strong>testesebb, f\u0171szeresebb illatokat<\/strong>. \u00c9rdemes tart\u00f3sabbat v\u00e1lasztanod, ha nem szeretn\u00e9d az \u00fcveges parf\u00fcm\u00f6t magaddal vinni, hogy \u00fajra tudd f\u00fajni, ha kell. A mennyis\u00e9gre viszont ilyenkor is figyelj, nem kell, hogy 6 sorral arr\u00e9bb is \u00e9rezz\u00e9k a parf\u00fcm\u00f6d illat\u00e1t. A polcomr\u00f3l ezeket veszem le ilyen alkalmakra:<\/li><\/ul>\n\n\n\n<div class=\"wp-block-image\"><figure class=\"aligncenter size-large is-resized\"><img loading=\"lazy\" decoding=\"async\" src=\"https:\/\/www.agillat.com\/wp-content\/uploads\/2022\/04\/este_randi-1024x819.jpg\" alt=\"\" class=\"wp-image-252\" width=\"529\" height=\"422\" srcset=\"https:\/\/www.agillat.com\/wp-content\/uploads\/2022\/04\/este_randi-1024x819.jpg 1024w, https:\/\/www.agillat.com\/wp-content\/uploads\/2022\/04\/este_randi-300x240.jpg 300w, https:\/\/www.agillat.com\/wp-content\/uploads\/2022\/04\/este_randi-768x614.jpg 768w, https:\/\/www.agillat.com\/wp-content\/uploads\/2022\/04\/este_randi-1536x1229.jpg 1536w, https:\/\/www.agillat.com\/wp-content\/uploads\/2022\/04\/este_randi-75x60.jpg 75w, https:\/\/www.agillat.com\/wp-content\/uploads\/2022\/04\/este_randi.jpg 2000w\" sizes=\"auto, (max-width: 529px) 100vw, 529px\" \/><\/figure><\/div>\n\n\n\n<ul class=\"wp-block-list\"><li><strong>Ny\u00e1ron <\/strong>sz\u00edvesen viselek <strong>friss, citrusos, z\u00f6ldes, vizes jegyeket<\/strong>. Ilyenkor veszem el\u0151 a naptej-illatokat, \u00e9s a &#8222;frissen zuhanyzott&#8221;, tisztas\u00e1g parf\u00fcm\u00f6ket is. Az alkohol a nagy melegben cs\u00edpi a b\u0151r\u00f6m, \u00e9s a strandon a nap is okozhat k\u00e1rokat ott, ahova a parf\u00fcm\u00f6t f\u00fajtam. Ez\u00e9rt j\u00f6hetnek a testpermetek, hajparf\u00fcm\u00f6k.<\/li><\/ul>\n\n\n\n<div class=\"wp-block-image\"><figure class=\"aligncenter size-large is-resized\"><img loading=\"lazy\" decoding=\"async\" src=\"https:\/\/www.agillat.com\/wp-content\/uploads\/2022\/04\/nyari-1024x819.jpg\" alt=\"\" class=\"wp-image-253\" width=\"552\" height=\"440\" srcset=\"https:\/\/www.agillat.com\/wp-content\/uploads\/2022\/04\/nyari-1024x819.jpg 1024w, https:\/\/www.agillat.com\/wp-content\/uploads\/2022\/04\/nyari-300x240.jpg 300w, https:\/\/www.agillat.com\/wp-content\/uploads\/2022\/04\/nyari-768x614.jpg 768w, https:\/\/www.agillat.com\/wp-content\/uploads\/2022\/04\/nyari-75x60.jpg 75w\" sizes=\"auto, (max-width: 552px) 100vw, 552px\" \/><\/figure><\/div>\n\n\n\n<ul class=\"wp-block-list\"><li><strong>A t\u00e9l<\/strong> sz\u00e1momra az elvonul\u00e1s id\u0151szaka, nem szeretem a hideget. Az <strong>illataim<\/strong> is <strong>k\u00f6rbe\u00f6lelnek<\/strong>, <strong>meleg\u00edtenek<\/strong>. Szeretem a meleg, f\u0171szeresebb parf\u00fcm\u00f6ket.<\/li><\/ul>\n\n\n\n<div class=\"wp-block-image\"><figure class=\"aligncenter size-large is-resized\"><img decoding=\"async\" src=\"https:\/\/www.agillat.com\/wp-content\/uploads\/2022\/04\/teli-1024x819.jpg\" alt=\"\" class=\"wp-image-255\" width=\"-224\" height=\"-179\" srcset=\"https:\/\/www.agillat.com\/wp-content\/uploads\/2022\/04\/teli-1024x819.jpg 1024w, https:\/\/www.agillat.com\/wp-content\/uploads\/2022\/04\/teli-300x240.jpg 300w, https:\/\/www.agillat.com\/wp-content\/uploads\/2022\/04\/teli-768x614.jpg 768w, https:\/\/www.agillat.com\/wp-content\/uploads\/2022\/04\/teli-1536x1229.jpg 1536w, https:\/\/www.agillat.com\/wp-content\/uploads\/2022\/04\/teli-75x60.jpg 75w, https:\/\/www.agillat.com\/wp-content\/uploads\/2022\/04\/teli.jpg 2000w\" sizes=\"(max-width: 1024px) 100vw, 1024px\" \/><\/figure><\/div>\n\n\n\n<p>Ez a feloszt\u00e1s term\u00e9szetesen tetsz\u0151legesen b\u0151v\u00edthet\u0151 vagy sz\u0171k\u00edthet\u0151. Ismerek olyan szem\u00e9lyt, aki \u00e9vek \u00f3ta egy illatot f\u00faj napszakt\u00f3l, \u00e9vszakt\u00f3l f\u00fcggetlen\u00fcl. Ezzel sincs semmi baj. A l\u00e9nyeg, hogy viseld sz\u00edvesen az illatodat.<\/p>\n","protected":false},"excerpt":{"rendered":"<p>A kor\u00e1bbi bejegyz\u00e9sben sz\u00f3 volt arr\u00f3l, (legal\u00e1bb) h\u00e1ny illatb\u00f3l \u00e9rdemes \u00e1llnia egy illatgardr\u00f3bnak. N\u00e9zz\u00fck most r\u00e9szletesen, mik is lehetnek ezek: A gimiben volt egy oroszt tan\u00edt\u00f3 tan\u00e1rn\u0151, aki, ha elment a folyos\u00f3n, olyan illatcs\u00edkot h\u00fazott maga ut\u00e1n, hogy m\u00e9g f\u00e9l \u00f3ra m\u00falva is \u00e9rezhet\u0151 volt. R\u00e1ad\u00e1sul egy nagyon er\u0151s, fekete borsos parf\u00fcm volt, m\u00edg \u00e9lek, &hellip; <\/p>\n","protected":false},"author":1,"featured_media":246,"comment_status":"open","ping_status":"open","sticky":false,"template":"","format":"standard","meta":{"footnotes":""},"categories":[8],"tags":[],"class_list":["post-221","post","type-post","status-publish","format-standard","has-post-thumbnail","hentry","category-blog"],"_links":{"self":[{"href":"https:\/\/www.agillat.com\/index.php?rest_route=\/wp\/v2\/posts\/221","targetHints":{"allow":["GET"]}}],"collection":[{"href":"https:\/\/www.agillat.com\/index.php?rest_route=\/wp\/v2\/posts"}],"about":[{"href":"https:\/\/www.agillat.com\/index.php?rest_route=\/wp\/v2\/types\/post"}],"author":[{"embeddable":true,"href":"https:\/\/www.agillat.com\/index.php?rest_route=\/wp\/v2\/users\/1"}],"replies":[{"embeddable":true,"href":"https:\/\/www.agillat.com\/index.php?rest_route=%2Fwp%2Fv2%2Fcomments&post=221"}],"version-history":[{"count":27,"href":"https:\/\/www.agillat.com\/index.php?rest_route=\/wp\/v2\/posts\/221\/revisions"}],"predecessor-version":[{"id":257,"href":"https:\/\/www.agillat.com\/index.php?rest_route=\/wp\/v2\/posts\/221\/revisions\/257"}],"wp:featuredmedia":[{"embeddable":true,"href":"https:\/\/www.agillat.com\/index.php?rest_route=\/wp\/v2\/media\/246"}],"wp:attachment":[{"href":"https:\/\/www.agillat.com\/index.php?rest_route=%2Fwp%2Fv2%2Fmedia&parent=221"}],"wp:term":[{"taxonomy":"category","embeddable":true,"href":"https:\/\/www.agillat.com\/index.php?rest_route=%2Fwp%2Fv2%2Fcategories&post=221"},{"taxonomy":"post_tag","embeddable":true,"href":"https:\/\/www.agillat.com\/index.php?rest_route=%2Fwp%2Fv2%2Ftags&post=221"}],"curies":[{"name":"wp","href":"https:\/\/api.w.org\/{rel}","templated":true}]}}