{"id":145,"date":"2022-05-02T09:46:44","date_gmt":"2022-05-02T09:46:44","guid":{"rendered":"https:\/\/www.agillat.com\/?p=145"},"modified":"2022-05-02T09:46:45","modified_gmt":"2022-05-02T09:46:45","slug":"most-amikor-minden-virag-nyilik","status":"publish","type":"post","link":"https:\/\/www.agillat.com\/?p=145","title":{"rendered":"Most, amikor minden vir\u00e1g ny\u00edlik&#8230;"},"content":{"rendered":"\n<p class=\"has-text-align-left\">Tavasz. Az \u00e9vszak, amikor minden \u00faj \u00e9letre kel. A lelkem is \u00e9bred a t\u00e9li \u00e1lom ut\u00e1n. Tal\u00e1n ez az az \u00e9vszak, amiben a legt\u00f6bb kedvenc illatomat meg tudom nevezni.  Ilyenkor legink\u00e1bb vir\u00e1gos illatokat viselek:<\/p>\n\n\n\n<div class=\"wp-block-image\"><figure class=\"aligncenter size-large is-resized\"><img loading=\"lazy\" decoding=\"async\" src=\"https:\/\/www.agillat.com\/wp-content\/uploads\/2022\/05\/20220502_111913-498x1024.jpg\" alt=\"\" class=\"wp-image-285\" width=\"261\" height=\"537\" srcset=\"https:\/\/www.agillat.com\/wp-content\/uploads\/2022\/05\/20220502_111913-498x1024.jpg 498w, https:\/\/www.agillat.com\/wp-content\/uploads\/2022\/05\/20220502_111913-146x300.jpg 146w, https:\/\/www.agillat.com\/wp-content\/uploads\/2022\/05\/20220502_111913-768x1580.jpg 768w, https:\/\/www.agillat.com\/wp-content\/uploads\/2022\/05\/20220502_111913-747x1536.jpg 747w, https:\/\/www.agillat.com\/wp-content\/uploads\/2022\/05\/20220502_111913-996x2048.jpg 996w, https:\/\/www.agillat.com\/wp-content\/uploads\/2022\/05\/20220502_111913-29x60.jpg 29w, https:\/\/www.agillat.com\/wp-content\/uploads\/2022\/05\/20220502_111913-scaled.jpg 1244w\" sizes=\"auto, (max-width: 261px) 100vw, 261px\" \/><\/figure><\/div>\n\n\n\n<p class=\"has-text-align-left\"><em><strong>Mim\u00f3za<\/strong><\/em>: Olaszorsz\u00e1gban a n\u0151nap vir\u00e1ga, Franciaorsz\u00e1gban a tavasz h\u00edrn\u00f6ke. Az \u00e9n kedvenc illatom a <strong>L&#8217;artisan Mimosa pour moi<\/strong>. Az illat a b\u0151r\u00f6m\u00f6n egy\u00e1ltal\u00e1n nem \u00e9des, ink\u00e1bb a z\u00f6ld jegyek \u00e9rv\u00e9nyes\u00fclnek. \u00d3r\u00e1k m\u00falva p\u00faderess\u00e9, enyh\u00e9n van\u00edli\u00e1ss\u00e1 alakul. K\u00fcl\u00f6nleges kora tavaszi parf\u00fcm sz\u00e1momra.<\/p>\n\n\n\n<div class=\"wp-block-image\"><figure class=\"aligncenter size-large is-resized\"><img loading=\"lazy\" decoding=\"async\" src=\"https:\/\/www.agillat.com\/wp-content\/uploads\/2022\/05\/20220502_111832-498x1024.jpg\" alt=\"\" class=\"wp-image-286\" width=\"259\" height=\"533\" srcset=\"https:\/\/www.agillat.com\/wp-content\/uploads\/2022\/05\/20220502_111832-498x1024.jpg 498w, https:\/\/www.agillat.com\/wp-content\/uploads\/2022\/05\/20220502_111832-146x300.jpg 146w, https:\/\/www.agillat.com\/wp-content\/uploads\/2022\/05\/20220502_111832-768x1580.jpg 768w, https:\/\/www.agillat.com\/wp-content\/uploads\/2022\/05\/20220502_111832-747x1536.jpg 747w, https:\/\/www.agillat.com\/wp-content\/uploads\/2022\/05\/20220502_111832-996x2048.jpg 996w, https:\/\/www.agillat.com\/wp-content\/uploads\/2022\/05\/20220502_111832-29x60.jpg 29w, https:\/\/www.agillat.com\/wp-content\/uploads\/2022\/05\/20220502_111832-scaled.jpg 1244w\" sizes=\"auto, (max-width: 259px) 100vw, 259px\" \/><\/figure><\/div>\n\n\n\n<p class=\"has-text-align-left\"><em><strong>Cseresznyevir\u00e1g<\/strong><\/em>: <strong>L&#8217;occitane Cherry blossom<\/strong>&#8211; friss, \u00fcde cseresznyeillat vir\u00e1gos jegyekkel. Sajnos nem tart\u00f3s a b\u0151r\u00f6m\u00f6n. Egy\u00e1ltal\u00e1n nem hars\u00e1ny, finoman simul a b\u0151rbe. Jelenleg tusf\u00fcrd\u0151m van bel\u0151le, de beszerzek bel\u0151le egy eau de toilette-et is.<\/p>\n\n\n\n<div class=\"wp-block-image\"><figure class=\"aligncenter size-large is-resized\"><img loading=\"lazy\" decoding=\"async\" src=\"https:\/\/www.agillat.com\/wp-content\/uploads\/2022\/05\/20220502_111853-498x1024.jpg\" alt=\"\" class=\"wp-image-288\" width=\"269\" height=\"553\" srcset=\"https:\/\/www.agillat.com\/wp-content\/uploads\/2022\/05\/20220502_111853-498x1024.jpg 498w, https:\/\/www.agillat.com\/wp-content\/uploads\/2022\/05\/20220502_111853-146x300.jpg 146w, https:\/\/www.agillat.com\/wp-content\/uploads\/2022\/05\/20220502_111853-768x1580.jpg 768w, https:\/\/www.agillat.com\/wp-content\/uploads\/2022\/05\/20220502_111853-747x1536.jpg 747w, https:\/\/www.agillat.com\/wp-content\/uploads\/2022\/05\/20220502_111853-996x2048.jpg 996w, https:\/\/www.agillat.com\/wp-content\/uploads\/2022\/05\/20220502_111853-29x60.jpg 29w, https:\/\/www.agillat.com\/wp-content\/uploads\/2022\/05\/20220502_111853-scaled.jpg 1244w\" sizes=\"auto, (max-width: 269px) 100vw, 269px\" \/><\/figure><\/div>\n\n\n\n<p class=\"has-text-align-left\"><strong><em>Lonc<\/em><\/strong>: <strong>Annick Goutal Le chevrefeuille<\/strong>&#8211; feh\u00e9r vir\u00e1gos, enyh\u00e9n z\u00f6ldes, citrusos illat. Csodasz\u00e9p kompoz\u00edci\u00f3, k\u00f6z\u00e9ppontj\u00e1ban a lonccal.<\/p>\n\n\n\n<div class=\"wp-block-image\"><figure class=\"aligncenter size-full is-resized\"><img loading=\"lazy\" decoding=\"async\" src=\"https:\/\/www.agillat.com\/wp-content\/uploads\/2022\/05\/amouagelilac.jpg\" alt=\"\" class=\"wp-image-289\" width=\"292\" height=\"389\" srcset=\"https:\/\/www.agillat.com\/wp-content\/uploads\/2022\/05\/amouagelilac.jpg 375w, https:\/\/www.agillat.com\/wp-content\/uploads\/2022\/05\/amouagelilac-225x300.jpg 225w, https:\/\/www.agillat.com\/wp-content\/uploads\/2022\/05\/amouagelilac-45x60.jpg 45w\" sizes=\"auto, (max-width: 292px) 100vw, 292px\" \/><\/figure><\/div>\n\n\n\n<p class=\"has-text-align-left\"><strong><em>Orgona<\/em><\/strong>: <strong>Amouage Lilac love<\/strong>&#8211; nagy hat\u00f3t\u00e1vols\u00e1ggal b\u00edr\u00f3, hosszantart\u00f3, n\u0151ies, eleg\u00e1ns, rendk\u00edv\u00fcl finom vir\u00e1gillat. Az alapja van\u00edlia, szant\u00e1lfa \u00e9s pacsuli, de lesz\u00e1rad\u00e1s ut\u00e1n m\u00e9gsem lesz \u00e9mely\u00edt\u0151en \u00e9des, van\u00edli\u00e1s. B\u00e1rmelyik illatgardr\u00f3b m\u00e9lt\u00f3 darabja lehet. Tudom, dr\u00e1ga, de \u00e9rdemes tenned vele egy pr\u00f3b\u00e1t.<\/p>\n\n\n\n<div class=\"wp-block-image\"><figure class=\"aligncenter size-large is-resized\"><img loading=\"lazy\" decoding=\"async\" src=\"https:\/\/www.agillat.com\/wp-content\/uploads\/2022\/05\/20220502_111924-498x1024.jpg\" alt=\"\" class=\"wp-image-291\" width=\"299\" height=\"615\" srcset=\"https:\/\/www.agillat.com\/wp-content\/uploads\/2022\/05\/20220502_111924-498x1024.jpg 498w, https:\/\/www.agillat.com\/wp-content\/uploads\/2022\/05\/20220502_111924-146x300.jpg 146w, https:\/\/www.agillat.com\/wp-content\/uploads\/2022\/05\/20220502_111924-768x1580.jpg 768w, https:\/\/www.agillat.com\/wp-content\/uploads\/2022\/05\/20220502_111924-747x1536.jpg 747w, https:\/\/www.agillat.com\/wp-content\/uploads\/2022\/05\/20220502_111924-996x2048.jpg 996w, https:\/\/www.agillat.com\/wp-content\/uploads\/2022\/05\/20220502_111924-29x60.jpg 29w, https:\/\/www.agillat.com\/wp-content\/uploads\/2022\/05\/20220502_111924-scaled.jpg 1244w\" sizes=\"auto, (max-width: 299px) 100vw, 299px\" \/><\/figure><\/div>\n\n\n\n<p><strong>Kneipp f\u00fcrd\u0151s\u00f3<\/strong>: V\u00e9g\u00fcl ejtek n\u00e9h\u00e1ny sz\u00f3t az egyik kedvenc tavaszi f\u00fcrd\u0151illatomr\u00f3l: Kneipp f\u00fcrd\u0151krist\u00e1ly  Egy f\u00e1radt nap v\u00e9g\u00e9n sz\u00edvesen mer\u00fcl\u00f6k el egy nagy k\u00e1d f\u00fcrd\u0151s\u00f3s v\u00edzben. <\/p>\n\n\n\n<div class=\"wp-block-image\"><figure class=\"aligncenter size-full is-resized\"><img loading=\"lazy\" decoding=\"async\" src=\"https:\/\/www.agillat.com\/wp-content\/uploads\/2022\/05\/tavasz1-1.jpg\" alt=\"\" class=\"wp-image-292\" width=\"476\" height=\"357\" srcset=\"https:\/\/www.agillat.com\/wp-content\/uploads\/2022\/05\/tavasz1-1.jpg 1024w, https:\/\/www.agillat.com\/wp-content\/uploads\/2022\/05\/tavasz1-1-300x225.jpg 300w, https:\/\/www.agillat.com\/wp-content\/uploads\/2022\/05\/tavasz1-1-768x576.jpg 768w, https:\/\/www.agillat.com\/wp-content\/uploads\/2022\/05\/tavasz1-1-80x60.jpg 80w\" sizes=\"auto, (max-width: 476px) 100vw, 476px\" \/><\/figure><\/div>\n\n\n\n<p><\/p>\n","protected":false},"excerpt":{"rendered":"<p>Tavasz. Az \u00e9vszak, amikor minden \u00faj \u00e9letre kel. A lelkem is \u00e9bred a t\u00e9li \u00e1lom ut\u00e1n. Tal\u00e1n ez az az \u00e9vszak, amiben a legt\u00f6bb kedvenc illatomat meg tudom nevezni. Ilyenkor legink\u00e1bb vir\u00e1gos illatokat viselek: Mim\u00f3za: Olaszorsz\u00e1gban a n\u0151nap vir\u00e1ga, Franciaorsz\u00e1gban a tavasz h\u00edrn\u00f6ke. Az \u00e9n kedvenc illatom a L&#8217;artisan Mimosa pour moi. Az illat a &hellip; <\/p>\n","protected":false},"author":1,"featured_media":292,"comment_status":"open","ping_status":"open","sticky":false,"template":"","format":"standard","meta":{"footnotes":""},"categories":[8],"tags":[],"class_list":["post-145","post","type-post","status-publish","format-standard","has-post-thumbnail","hentry","category-blog"],"_links":{"self":[{"href":"https:\/\/www.agillat.com\/index.php?rest_route=\/wp\/v2\/posts\/145","targetHints":{"allow":["GET"]}}],"collection":[{"href":"https:\/\/www.agillat.com\/index.php?rest_route=\/wp\/v2\/posts"}],"about":[{"href":"https:\/\/www.agillat.com\/index.php?rest_route=\/wp\/v2\/types\/post"}],"author":[{"embeddable":true,"href":"https:\/\/www.agillat.com\/index.php?rest_route=\/wp\/v2\/users\/1"}],"replies":[{"embeddable":true,"href":"https:\/\/www.agillat.com\/index.php?rest_route=%2Fwp%2Fv2%2Fcomments&post=145"}],"version-history":[{"count":28,"href":"https:\/\/www.agillat.com\/index.php?rest_route=\/wp\/v2\/posts\/145\/revisions"}],"predecessor-version":[{"id":293,"href":"https:\/\/www.agillat.com\/index.php?rest_route=\/wp\/v2\/posts\/145\/revisions\/293"}],"wp:featuredmedia":[{"embeddable":true,"href":"https:\/\/www.agillat.com\/index.php?rest_route=\/wp\/v2\/media\/292"}],"wp:attachment":[{"href":"https:\/\/www.agillat.com\/index.php?rest_route=%2Fwp%2Fv2%2Fmedia&parent=145"}],"wp:term":[{"taxonomy":"category","embeddable":true,"href":"https:\/\/www.agillat.com\/index.php?rest_route=%2Fwp%2Fv2%2Fcategories&post=145"},{"taxonomy":"post_tag","embeddable":true,"href":"https:\/\/www.agillat.com\/index.php?rest_route=%2Fwp%2Fv2%2Ftags&post=145"}],"curies":[{"name":"wp","href":"https:\/\/api.w.org\/{rel}","templated":true}]}}